{"id":25057,"date":"2021-02-05T11:36:34","date_gmt":"2021-02-05T10:36:34","guid":{"rendered":"https:\/\/www.nerd-o-mania.de\/wordpress\/?p=25057"},"modified":"2021-02-11T06:04:46","modified_gmt":"2021-02-11T05:04:46","slug":"sonntagsgedanken-mal-wieder-herzhaft-lachen-von-wegen-wir-sind-schlielich-deutsche","status":"publish","type":"post","link":"https:\/\/www.nerd-o-mania.de\/wordpress\/2021\/02\/sonntagsgedanken-mal-wieder-herzhaft-lachen-von-wegen-wir-sind-schlielich-deutsche\/","title":{"rendered":"Sonntagsgedanken: Mal wieder Herzhaft lachen? Von wegen &ndash; wir sind schlie&szlig;lich Deutsche!.."},"content":{"rendered":"<h2>..oder: wenn wir was k\u00f6nnen \u2013 dann ist das: \u201cSelbstkasteiung\u201d..<\/h2>\n<blockquote class=\"quote-light\"><p>\u201cWillst Du einen Menschen einen Tag satt machen, dann gib Ihm einen Fisch. Willst Du Ihn ein Leben lang satt machen, dann zeig ihm wie man angelt.\u201d (LAOTSE)<\/p><\/blockquote>\n<p align=\"justify\">Dieser Sinnspruch hat so viel wahres und er k\u00f6nnte auf Deutschland \u00fcbertragen folgenderma\u00dfen zeitgem\u00e4\u00dfer \u00fcbersetzt werden: \u201cWenn Du\u00a0 einen dummen Mitarbeiter hast, dann gib ihm einfache Aufgaben. Wenn Du einen dummen UND GELTUNGSS\u00dcCHTIGEN Mitarbeiter hast, dann mach Ihn zu einem Beauftragten\u201d. Ja, diesen Satz solltest Du erst mal sacken lassen.<\/p>\n<p align=\"justify\"><a class=\"thickbox\" href=\"https:\/\/www.nerd-o-mania.de\/wordpress\/wp-content\/uploads\/2021\/02\/Albrecht-Duerer-der-Buesser-small.jpg\"><img loading=\"lazy\" decoding=\"async\" style=\"border-width: 0px; margin: 10px; padding-top: 0px; padding-right: 0px; padding-left: 0px; float: left; display: inline; background-image: none;\" title=\"Albrecht D\u00fcrer - der B\u00fc\u00dfer-small\" src=\"https:\/\/www.nerd-o-mania.de\/wordpress\/wp-content\/uploads\/2021\/02\/Albrecht-Duerer-der-Buesser-small_thumb.jpg\" alt=\"Albrecht D\u00fcrer - der B\u00fc\u00dfer-small\" width=\"471\" height=\"496\" align=\"left\" border=\"0\" \/><\/a><em>(Bild links:<\/em>\u00a0<em>Typisch Deutsch. Wenn wir irgendwas k\u00f6nnen, dann ist es uns in der B\u00fc\u00dferrolle wohlf\u00fchlen. Wenn es uns zu gut geht, dann darf das nicht sein. Das geht sogar so weit, dass wir uns das lachen aberziehen \u2013 leider eines der wenigen Dinge, die man in Corona-Zeiten noch gefahrlos <del>kann<\/del> konnte. <strong>Bildquelle Wikipedia: Albrecht D\u00fcrer \u2013 Der B\u00fc\u00dfer<\/strong>)<\/em><\/p>\n<p align=\"justify\">Warum ich das schreibe? Weil ich das Gef\u00fchl habe, dass Menschen nicht sehr gut mit Epidemien, Pandemien und Privatfernsehen umgehen k\u00f6nnen. Man neigt im Haus der Homo Sapiens geschwind zum \u00fcberreagieren. Der Deutsche treibt es auch hier auf die Spitze: Nach dem Tod von George Floyd in den USA gab es dort riesige Unruhen \u2013 dort zu Recht, denn es ist ein riesiger Unterschied ob man in den Vereinigten Staaten als Farbiger von der Polizei angehalten wird, oder in Deutschland.<\/p>\n<p align=\"justify\">In Gods own Country geh\u00f6rt es zum normalen Verfahren der Cops bei Fahrzeugkontrollen von Verd\u00e4chtigen die Hand an der Waffe zu haben \u2013 und ein Farbiger ist IMMER verd\u00e4chtig. Dazu sitzt der Abzugfinger locker. Eine falsche Bewegung und der \u201cSchwatte\u201d (wie man im Kohlenpott liebevoll \u00fcberm\u00e4\u00dfig stark pigmentierte Menschen nennt) beendet seine Fahrt nicht in seinem eigenen Auto, sondern bevorzugt von hinten durchl\u00f6chert, im Wagen des CORONERS, wie die Leichenwagen dort hei\u00dfen. Eine Verurteilung der schie\u00dfw\u00fctigen Polizisten?\u00a0 Heikles Thema.. ganz heikles Thema&#8230;<\/p>\n<p align=\"justify\">Und weil es so sch\u00f6n war, hat sich Deutschland des Rassismus-Problems ebenfalls angenommen \u2013 was Amerika kann, das kann Deutschland schon lange und of course a little bit better, also wurde in Deutschland nicht nur eine Rassismus-Diskussion gef\u00fchrt, sondern eigentlich ALLES, was irgendjemanden, irgendwie, m\u00f6glicherweise, vielleicht aufgrund seiner k\u00f6rperlichen Einschr\u00e4nkungen, Berufs, Hautfarbe, Frisur, seines erh\u00f6hten BMIs, IQs oder Zahnstellung beleidigen k\u00f6nnte, geh\u00f6rt verteufelt \u2013 aber so was von! Wann verbietet eigentlich jemand J\u00fcrgen von der Lippe sein Hawaii-Hemd \u2013 das f\u00e4llt ja wohl voll unter Cultural Appropriation!<\/p>\n<p align=\"justify\">Bevorzugt machen dass dann Menschen, die selber keine Ahnung haben, weil Sie gar nicht zu der betroffenen Randgruppe geh\u00f6ren. Genau, Du hast es erfasst: das sind diese tollen &#8222;Experten&#8220;, die sich in Talk-Shows im Schein der Kameras ins rechte Licht r\u00fccken, wenn Sie Rassismus verteufeln. Im Ernst \u2013 was hat denn ein hellh\u00e4utiger Mittdrei\u00dfiger mit sicherem Job bei einem Weltkonzern, f\u00fcr Erfahrungen mit Sexismus oder Mobbing oder noch besser Rassismus? Genau: KEINE! Und deshalb werden die Ziele im Kampf um vorhin genannte Diskriminierungen, von Ihm viel h\u00f6her gesteckt, als es eigentlich n\u00f6tig w\u00e4re &#8211; oder gehen gleich v\u00f6llig in die falsche Richtung&#8230;<\/p>\n<p align=\"justify\">Und da der, es allen Wohl und keinem Wehe, machend wollende B\u00fcrger dieses Landes an den Lippen dieser Dummschw\u00e4tzer klebt, wie die Querdenker an den Lippen von Dr. Schiffmann (Hey! Der Mann ist ein Doktor \u2013 der muss schlie\u00dflich wissen, was stimmt!), setzen die des gesunden Menschenverstandes beraubten Menschen v\u00f6llig absurde Gedankeng\u00e4nge frei. Das f\u00fchrt zum Teil zu grotesken Vorf\u00e4llen:<\/p>\n<ul>\n<li>\n<div align=\"justify\">Ein junges hellh\u00e4utiges M\u00e4dchen auf TikToK strich sich in einem Video jeweils mit 2 Fingern der H\u00e4nde dunkle Theaterschminke ins Gesicht. Sie wollte damit symbolisieren, dass wir alle eigentlich von den Ureinwohnern in Schwarz-Afrika abstammen.<\/div>\n<\/li>\n<\/ul>\n<p align=\"justify\">H\u00e4tte Sie mal besser gelassen. Sie erntete einen Riesen Shit-Storm, denn was Sie da trieb w\u00e4re \u201cBlackfacing\u201d <em>(Spoiler: ich unbedarfter Trottel wusste nicht mal, dass es dieses Wort \u00fcberhaupt gibt)<\/em> &#8211; na und das geht ja mal gar nicht, denn damit w\u00fcrde man sich die Kultur der Farbigen aneignen \u2013 sogenanntes \u201cCultural Appropriation\u201d (ja, da sind wir wieder bei J\u00fcrgens Hawaii-Hemd). Und wenn Du meinst, das ist ja v\u00f6llig absurd &#8211; ja, stimmt!<\/p>\n<p align=\"justify\">\n\t\t<div class=\"stream-item stream-item-in-post stream-item-in-post-1\"><hr>\r\n<p style=\"text-align: center;\"> HIER FOLGT EINE WERBEANZEIGE <\/p>\r\n<script async src=\"https:\/\/pagead2.googlesyndication.com\/pagead\/js\/adsbygoogle.js?client=ca-pub-4512412109408083\"\r\n     crossorigin=\"anonymous\"><\/script>\r\n<!-- Jannah Responsiv -->\r\n<ins class=\"adsbygoogle\"\r\n     style=\"display:block\"\r\n     data-ad-client=\"ca-pub-4512412109408083\"\r\n     data-ad-slot=\"9296702764\"\r\n     data-ad-format=\"auto\"\r\n     data-full-width-responsive=\"true\"><\/ins>\r\n<script>\r\n     (adsbygoogle = window.adsbygoogle || []).push({});\r\n<\/script>\r\n<hr>\n\t\t<\/div>\n\t\n<p align=\"justify\">Das erz\u00e4hl dann mal vorwurfsvoll am Sankt Martins Tag den M\u00fcttern, wenn deren kleine Popelfresser sich f\u00fcr den \u2018Heilige Drei K\u00f6nige\u2019-Umzug verkleiden und schminken, dass der kleine Timmy sich gef\u00e4lligst nicht als Mohr Melchior die Theaterschminke ins Gesicht schmieren darf. Dann singst Du auch \u2013 aber im Sopran.. Und das mit Recht!<\/p>\n<ul>\n<li>\n<div align=\"justify\">\u00c4hnliches passierte einem anderen M\u00e4dchen, welches sich Dreadlocks machen lie\u00df. Auch hier wurde Sie auf der Social Media Plattform ihres Vertrauens f\u00fcrchterlich angegangen, weil diese Frisuren f\u00fcr eine wei\u00dfe Deutsche nicht statthaft ist, da es sich um Kulturgut aus Afrika und deren Bewohnern handelt.<\/div>\n<\/li>\n<\/ul>\n<p align=\"justify\">Ja nee.. iss klar.. Dreadlocks sind verboten \u2013 und was noch? Couscous essen vielleicht? Oder das tragen von falschen Rolex-Uhren die man an afrikanischen Str\u00e4nden von Stra\u00dfenh\u00e4ndlern zu Hauf angeboten bekommt? Darf ich jetzt nicht mehr in den D\u00f6nerladen gehen, weil ich mir da unversch\u00e4mterweise die Kultur der \u2013 auch nicht besonders hellh\u00e4utigen \u2013 T\u00fcrken verbotenerweise aneigne? Muss ich jetzt mein restliches Leben nur noch Sauerbraten mit Kn\u00f6deln futtern damit mein BMI in den dreistelligen Bereich wandert?<\/p>\n<p align=\"justify\">Und so geht es munter weiter:<\/p>\n<ul>\n<li>\n<div align=\"justify\">Bodyshaming (Du ziehst jemanden wegen seines Gewichts oder Sommersprossen auf \u2013 dann pass auf, dass es kein Zeuge h\u00f6rt)<\/div>\n<\/li>\n<li>\n<div align=\"justify\">Mobbing (dein Azubi ist dumm wie eine Sch\u00fcppe Mist und hat selbst, nach dem Du es zum 100. Mal erkl\u00e4rt hast, immer noch nicht kapiert wie man Outlook startet? Du willst Ihm das auch genauso sagen? Behalt\u2019s f\u00fcr dich)<\/div>\n<\/li>\n<li>\n<div align=\"justify\">Sexismus (du sagst der Kollegin aus der Buchhaltung dass sie tolle ..PIEP.. hat und ihr ..PIEP..in einem Rock einfach hinrei\u00dfend aussieht. Was glaubst Du? Wie lange bist Du noch bei der Firma? Morgen nicht mehr mitgerechnet!)<\/div>\n<\/li>\n<li>\n<div align=\"justify\">und, und, und\u2026 (man muss mehr dar\u00fcber nachdenken, wie man die Fallstricke umschifft um sich nicht beim quasseln um Kopf und Kragen, bzw. Job und Einkommen zu bringen, oder sich irgendeine Anzeige oder Abmahnung einzufangen.)<\/div>\n<\/li>\n<\/ul>\n<p>Und beim Sprechen ist ja noch lange nicht Schluss \u2013 jetzt wird auch noch das Lachen tabuisiert.<\/p>\n<p align=\"justify\">Nach den ganzen Diskussionen um die ach so gebeutelten Minderheiten leisteten auch einige Deutsche Comedians Abbitte und sagten, dass Sie sich f\u00fcr diverse Seitenhiebe, die Sie w\u00e4hrend ihrer B\u00fchnenshows gesagt h\u00e4tten nun entschuldigen w\u00fcrden. Ja, da kommen harte Zeiten auf Deutschlands Standup Comedians zu, wenn Witze \u00fcber Randgruppen \u2013 oder generell Witze \u00fcber andere Menschen &#8211; nicht mehr erz\u00e4hlt werden d\u00fcrfen. Gut, dass Fips Asmussen das nicht mehr erlebt hat &#8211; er w\u00e4re arbeitslos..<\/p>\n<p align=\"justify\">Mal schauen ob Du\u2019s kapiert hast? Testen wir doch mal: \u201cstellt sich ein Dicker auf die Waage \u2013 zeigt die Waage an: \u201cnur eine Person bitte..\u201d\u201d \u2013 darfst Du lachen? Nat\u00fcrlich nicht! Das ist Bodyshaming und absolut Tabu! Kapiert? Neee? Gut.. noch einer: \u201csagt die eine Blondine zur anderen: \u201cich krieg von neuen Schuhen immer blasen\u201d \u2013 sagt die andere: \u201cBei mir ist\u2019s genau umgekehrt..\u201d Ist Lachen erlaubt? Du glaubst Ja? B\u00d6\u00d6\u00d6P.. Falsch &#8211; ist n\u00e4mlich Sexismus.<\/p>\n<p align=\"justify\">\n\t\t<div class=\"stream-item stream-item-in-post stream-item-in-post-4\"><hr>\r\n<p style=\"text-align: center;\"> HIER FOLGT EINE WERBEANZEIGE <\/p>\r\n<script async src=\"https:\/\/pagead2.googlesyndication.com\/pagead\/js\/adsbygoogle.js?client=ca-pub-4512412109408083\"\r\n     crossorigin=\"anonymous\"><\/script>\r\n<!-- Jannah Responsiv -->\r\n<ins class=\"adsbygoogle\"\r\n     style=\"display:block\"\r\n     data-ad-client=\"ca-pub-4512412109408083\"\r\n     data-ad-slot=\"9296702764\"\r\n     data-ad-format=\"auto\"\r\n     data-full-width-responsive=\"true\"><\/ins>\r\n<script>\r\n     (adsbygoogle = window.adsbygoogle || []).push({});\r\n<\/script>\r\n<hr>\n\t\t<\/div>\n\t\n<p align=\"justify\">Hmm, und das waren die einfachen Beispiele. Pass auf, jetzt kommt eine schwere Frage f\u00fcr Dich: D\u00fcrfte man denn sagen: \u201csagt die eine <strong>Frau<\/strong> zur anderen..?\u201d.. Nein, du Doofmann! Nat\u00fcrlich auch nicht, denn hier werden Frauen generell als Dumm und sexuell devot dargestellt und das ist Mobbing UND Sexismus. Du erkennst langsam das Dilemma?<\/p>\n<p align=\"justify\"><a class=\"thickbox\" href=\"https:\/\/www.nerd-o-mania.de\/wordpress\/wp-content\/uploads\/2021\/02\/Werbung-lach-nicht.jpg\"><img loading=\"lazy\" decoding=\"async\" style=\"border-width: 0px; margin: 10px; padding-top: 0px; padding-right: 0px; padding-left: 0px; float: right; display: inline; background-image: none;\" title=\"Werbung lach nicht\" src=\"https:\/\/www.nerd-o-mania.de\/wordpress\/wp-content\/uploads\/2021\/02\/Werbung-lach-nicht_thumb.jpg\" alt=\"Werbung lach nicht\" width=\"331\" height=\"399\" align=\"right\" border=\"0\" \/><\/a><em>(Bild rechts: Bei 99% der Leser w\u00fcrde wohl zumindest bei dieser Werbung ein l\u00e4cheln \u00fcbers Gesicht huschen. aber nicht, wenn es einen deutschen Tugendw\u00e4chter gibt. Dann ist diese Werbung vom Teufel direkt entworfen worden. Glaubste nich\u2019? Ich schw\u00f6r.. iss so! Foto: TWITTER)<\/em><\/p>\n<p align=\"justify\"><a class=\"thickbox\" href=\"https:\/\/www.nerd-o-mania.de\/wordpress\/wp-content\/uploads\/2021\/02\/Beauftragter.jpg\"><img loading=\"lazy\" decoding=\"async\" style=\"border-width: 0px; margin: 10px; padding-top: 0px; padding-right: 0px; padding-left: 0px; float: left; display: inline; background-image: none;\" title=\"Beauftragter\" src=\"https:\/\/www.nerd-o-mania.de\/wordpress\/wp-content\/uploads\/2021\/02\/Beauftragter_thumb.jpg\" alt=\"Beauftragter\" width=\"647\" height=\"122\" align=\"left\" border=\"0\" \/><\/a><em>(Bild links: Und das ist der Text dazu, den ein \u201cBeauftragter\u201d bei Twitter dazu schreibt. Gell, jetzt lachst nimmer, Sauprei\u00df damischer)<\/em><\/p>\n<p align=\"justify\">Aber funktioniert Humor so? Dass wir erst \u00fcberlegen m\u00fcssen, ob wir lachen d\u00fcrfen oder nicht? Wie oft ist es Dir passiert, dass Du jemanden gesehen hast, der bei Glatteis ausgerutscht ist und sich dann gekonnt auf den Hosenboden gesetzt hat und Du im ersten Moment erst mal losgeprustet hast vor lachen.<\/p>\n<p align=\"justify\">Ja, im selben Moment schoss es Dir auch durch den Kopf: \u201cMann, dar\u00fcber lacht man nicht\u201d und Du hast der Person auch sicher aufgeholfen \u2013 aber der Lacher ist raus. Und das ist im Gehirn auch mit Absicht so verdrahtet \u2013 Lachen geschieht vor dem Denken. Und das ist ein Problem f\u00fcr manche Menschen \u2013 haupts\u00e4chlich f\u00fcr die, die zum lachen in den Keller gehen&#8230;<\/p>\n<p align=\"justify\">Aber was sagt denn Wikipedia dazu? Fragen wir doch mal:<\/p>\n<blockquote class=\"quote-light\">\n<p align=\"justify\"><em>Das Lachen ist gew\u00f6hnlich ein unwillk\u00fcrlicher Akt, bei dem ein durch die Empfindungsnerven dem Gehirn \u00fcberlieferter Reiz dadurch ausgeglichen wird, dass er auf die Nervenurspr\u00fcnge der beim Lachen in Kontraktion versetzten Muskeln \u00fcbertragen wird. Demnach ist das Lachen eine sogenannte <\/em><a href=\"https:\/\/de.wikipedia.org\/wiki\/Reflex\" target=\"_blank\" rel=\"noopener\"><em>Reflexbewegung<\/em><\/a><em> und hat damit \u2013 wie auch andere Reflexbewegungen \u2013 die Eigent\u00fcmlichkeit, dass sie am vollkommensten stattfindet, wenn unsere Aufmerksamkeit von unserem K\u00f6rper abgewendet ist. Das Lachen kann aber durch Selbstbeherrschung bis zu einem gewissen Grad zur\u00fcckgehalten werden.<\/em><\/p>\n<\/blockquote>\n<p align=\"justify\">Tja, damit ist es wohl kaum m\u00f6glich politisch korrektes lachen anzuerziehen. Und das ist auch gut so. Und in Richtung der ganzen Selbstgei\u00dfler, Aushilfsweltverbesserer, Oberlehrer und \u201c\u00fcberall seinen Senf zu \u2013 Geber\u201d: K\u00fcmmert euch doch einfach mal um eure eigenen Angelegenheiten und h\u00f6rt auf anderen Menschen euer eigenes verklemmtes Denken und verdrehtes Weltbild aufzwingen zu wollen.<\/p>\n<p align=\"justify\">Ich werde jedenfalls weiter so quasseln wie mir der Schnabel gewachsen ist und lachen ohne dar\u00fcber nachzudenken ob es politisch korrekt ist oder irgend Jemandes Empfindungen verletzt. Ja, nennt mich ruhig einen unbelehrbaren Neandertaler \u2013 Ja, das bin ich! Und da bin ich sogar ein bisschen stolz drauf..<\/p>\n<p align=\"justify\">So ich fahr jetzt in die D\u00f6ner-Bude \u2013 wer kommt mit?<\/p>\n","protected":false},"excerpt":{"rendered":"<p>Politisch korrektes Lachen? Nee, gibts in Deutschland noch nicht &#8211; aber h\u00e4tte man wohl gern. Warum das Bl\u00f6dsinn ist? Lies hier..<\/p>\n","protected":false},"author":11,"featured_media":25051,"comment_status":"open","ping_status":"closed","sticky":false,"template":"","format":"standard","meta":{"activitypub_content_warning":"","activitypub_content_visibility":"","activitypub_max_image_attachments":4,"activitypub_interaction_policy_quote":"anyone","activitypub_status":"","footnotes":""},"categories":[879],"tags":[703,1151],"class_list":["post-25057","post","type-post","status-publish","format-standard","has-post-thumbnail","hentry","category-sonntagsgedanken","tag-bananenrepublik-deutschland","tag-rassismus"],"jetpack_featured_media_url":"https:\/\/www.nerd-o-mania.de\/wordpress\/wp-content\/uploads\/2021\/02\/Albrecht-Duerer-der-Buesser-small-e1612521213305.jpg","jetpack_likes_enabled":true,"_links":{"self":[{"href":"https:\/\/www.nerd-o-mania.de\/wordpress\/wp-json\/wp\/v2\/posts\/25057","targetHints":{"allow":["GET"]}}],"collection":[{"href":"https:\/\/www.nerd-o-mania.de\/wordpress\/wp-json\/wp\/v2\/posts"}],"about":[{"href":"https:\/\/www.nerd-o-mania.de\/wordpress\/wp-json\/wp\/v2\/types\/post"}],"author":[{"embeddable":true,"href":"https:\/\/www.nerd-o-mania.de\/wordpress\/wp-json\/wp\/v2\/users\/11"}],"replies":[{"embeddable":true,"href":"https:\/\/www.nerd-o-mania.de\/wordpress\/wp-json\/wp\/v2\/comments?post=25057"}],"version-history":[{"count":0,"href":"https:\/\/www.nerd-o-mania.de\/wordpress\/wp-json\/wp\/v2\/posts\/25057\/revisions"}],"wp:featuredmedia":[{"embeddable":true,"href":"https:\/\/www.nerd-o-mania.de\/wordpress\/wp-json\/wp\/v2\/media\/25051"}],"wp:attachment":[{"href":"https:\/\/www.nerd-o-mania.de\/wordpress\/wp-json\/wp\/v2\/media?parent=25057"}],"wp:term":[{"taxonomy":"category","embeddable":true,"href":"https:\/\/www.nerd-o-mania.de\/wordpress\/wp-json\/wp\/v2\/categories?post=25057"},{"taxonomy":"post_tag","embeddable":true,"href":"https:\/\/www.nerd-o-mania.de\/wordpress\/wp-json\/wp\/v2\/tags?post=25057"}],"curies":[{"name":"wp","href":"https:\/\/api.w.org\/{rel}","templated":true}]}}