{"id":26149,"date":"2021-10-30T09:26:13","date_gmt":"2021-10-30T07:26:13","guid":{"rendered":"https:\/\/www.nerd-o-mania.de\/wordpress\/?p=26149"},"modified":"2021-11-05T14:22:53","modified_gmt":"2021-11-05T13:22:53","slug":"die-dr-nerd-labs-haben-eine-tasse-gewonnen-danke-an-die-artfabrik","status":"publish","type":"post","link":"https:\/\/www.nerd-o-mania.de\/wordpress\/2021\/10\/die-dr-nerd-labs-haben-eine-tasse-gewonnen-danke-an-die-artfabrik\/","title":{"rendered":"Die Dr. Nerd Labs haben eine Tasse gewonnen \u2013 Danke an die ArtFabrik!.."},"content":{"rendered":"<h2>..oder: Bed\u00fcrftige unterst\u00fctzen und daf\u00fcr Kaffee aus neuer Tasse trinken \u2013 DEAL?<\/h2>\n<p align=\"justify\">Hidiho liebe Community! Die Dr. Nerds Labs haben ein neues Heissgetr\u00e4nkaufbewahrungsgef\u00e4\u00df in ihren R\u00e4umlichkeiten \u2013 besser bekannt als Kaffee-Pott. Warum ist das erw\u00e4hnenswert? Zum einen, weil wir die Tasse auf dem sozialen Netzwerk \u201cTwitter\u201d gewonnen haben \u2013 zum anderen weil die Verlosung der Tassen im Rahmen eines Spendenaufrufs geschah.<\/p>\n<p align=\"justify\"><em><a href=\"https:\/\/www.nerd-o-mania.de\/wordpress\/wp-content\/uploads\/2021\/10\/ArtFabrik-Tasse-800px.jpg\"><img loading=\"lazy\" decoding=\"async\" class=\"alignleft wp-image-26150\" src=\"https:\/\/www.nerd-o-mania.de\/wordpress\/wp-content\/uploads\/2021\/10\/ArtFabrik-Tasse-800px.jpg\" alt=\"\" width=\"440\" height=\"469\" title=\"\" srcset=\"https:\/\/www.nerd-o-mania.de\/wordpress\/wp-content\/uploads\/2021\/10\/ArtFabrik-Tasse-800px.jpg 800w, https:\/\/www.nerd-o-mania.de\/wordpress\/wp-content\/uploads\/2021\/10\/ArtFabrik-Tasse-800px-225x240.jpg 225w, https:\/\/www.nerd-o-mania.de\/wordpress\/wp-content\/uploads\/2021\/10\/ArtFabrik-Tasse-800px-281x300.jpg 281w, https:\/\/www.nerd-o-mania.de\/wordpress\/wp-content\/uploads\/2021\/10\/ArtFabrik-Tasse-800px-768x819.jpg 768w\" sizes=\"auto, (max-width: 440px) 100vw, 440px\" \/><\/a>(Bild links: Die Tasse von <a href=\"https:\/\/artfabrik.de\/\" target=\"_blank\" rel=\"noopener\">ArtFabrik<\/a> aus Stuttgart. ArtFabrik ist ein kleines Start-Up, welches Tassen verkauft. Das besondere: pro Tasse gehen 5,00 \u20ac an einen sozialen Zweck. Ein Grund, diese kleine Manufaktur etwas zu supporten, oder nicht?)<\/em><\/p>\n<p align=\"justify\">Wie gewinnt man eine Tasse auf Twitter? Das hat mit dem Twitteraccount <a href=\"https:\/\/jurios.de\/2021\/09\/12\/das-twittergericht-jura-account-unterstuetzt-auf-twitter-soziale-projekte\/\" target=\"_blank\" rel=\"noopener\">@der_gerichtshof<\/a> zu tun, der \u201cStrafen\u201d verh\u00e4ngt, wenn es die Twitterer mal wieder zu bunt treiben. Und zu bunt treiben Sie es fast immer. Dazu sind die Strafen willk\u00fcrlich \u2013 da kann man auch schon mal verdonnert werden, wenn man ein zu leckeres Gericht postet \u2013 wegen \u201cMundsaftifizierung\u201d.<\/p>\n<p align=\"justify\">Haupts\u00e4chlich bestraft er Twitterer aus der Jura-Blase (die haben es auch am meisten verdient \u2013 ich glaube sogar, die haben eine gewisse Freude daran bestraft zu werden \u2013 Juristen halt.. komisches V\u00f6lkchen, eben), aber auch \u201cnormale\u201d Twitterer geraten schon mal in die M\u00fchlen des \u201cGerichtshofs\u201d.<\/p>\n<p align=\"justify\">Da ich zuf\u00e4llig von anderen Twitterern gebeten wurde <a href=\"https:\/\/twitter.com\/der_gerichtshof\" target=\"_blank\" rel=\"noopener\">@der_gerichtshof<\/a> zu folgen und dies just zu dem Moment geschah, als ein Spendenaufruf gestartet wurde, machte ich mit. Ehrlich gesagt aber nicht, um eine Tasse zu gewinnen, sondern um das soziale Engagement zu unterst\u00fctzen. Aber das Schicksal ist ein Eichh\u00f6rnchen \u2013 denn ich gewann eine der 3 ausgelosten Tassen..<\/p>\n<p align=\"justify\">Und weil ich mich nach dem Gewinn berufen f\u00fchlte, \u00fcber die beiden Twitterer <a href=\"https:\/\/twitter.com\/der_gerichtshof\" target=\"_blank\" rel=\"noopener\">@der_gerichtshof<\/a> und <a href=\"https:\/\/twitter.com\/_Art_Fabrik\" target=\"_blank\" rel=\"noopener\">@art_fabrik<\/a> zu schreiben\u00a0 (und ich auch das sozial engagierte kleine Start-Up <a href=\"https:\/\/artfabrik.de\/\" target=\"_blank\" rel=\"noopener\">ArtFabrik<\/a> unterst\u00fctzen wollte) erkl\u00e4rte ich mich freiwillig dazu bereit, diesen Beitrag f\u00fcr das weltweite Internet zu publizieren.<\/p>\n<h3 align=\"justify\">Warum soziales Engagement unterst\u00fctzen? Deshalb:<\/h3>\n<p align=\"justify\">Sprechen wir es direkt an: wir haben in diesem Land einiges an sozialer Schieflage!\u00a0 Das Gekummel der neuen Regierung macht mir jetzt schon Kopfschmerzen und l\u00e4sst mich an der Bew\u00e4ltigung der Zukunftsaufgaben zweifeln.<\/p>\n<p align=\"justify\">Es wird \u2013 so sieht es aus \u2013 wieder alles dem Wohl der Wirtschaft untergeordnet. Dann werden die Reichen noch reicher und die Armen noch \u00e4rmer. Doch es gibt in diesem Land leider Millionen von Menschen, die von unserer Regierung nicht so unterst\u00fctzt werden, wie die gro\u00dfen Firmen und mit etlichen Millionen von \u20ac zugeballert, wie sie es eigentlich verdient h\u00e4tten.<\/p>\n<h3 align=\"justify\">Kinderarmut in Deutschland? Ein trauriges Thema..<\/h3>\n<p align=\"justify\">Die Rede ist von den Kindern: Kinder haben bekannterma\u00dfen in diesem Land keine Lobby \u2013 und wenn man von Kinderarmut spricht, meint man damit eigentlich Elternarmut \u2013 aber hey: der Hartz IV Satz wurde ja um 3,00! \u20ac erh\u00f6ht und au\u00dferdem wird es ja bald in \u201cB\u00fcrgergeld\u201d umbenannt \u2013 da gehen die paar Millionen Hartz IV-Empf\u00e4nger ja g\u00fcldenen Zeiten entgegen.<\/p>\n<p align=\"justify\">Kein Wunder, dass niemand von denen mehr arbeiten gehen will (das war Sarkasmus \u2013 ich schreibe es mal lieber dazu \u2013 bei der Intelligenz einiger B\u00fcrger dort drau\u00dfen muss man ja mittlerweile den meisten die Welt erkl\u00e4ren. Jaja, die Chemtrails, BILD TV und RTL2 wirken langsam)\u2026<\/p>\n<p align=\"justify\">In diesem Land l\u00e4uft leider vieles falsch \u2013 generell und \u00fcberall auf dieser Welt! T\u00fcrkei, Polen, Ungarn, Russland \u2013 L\u00e4nder die in Richtung Diktatur abdriften oder schon \u201cumgebaut\u201d sind. Und schaue ich nach China, wie dort in Richtung Taiwan mit den S\u00e4beln gerasselt wird, wird mir nicht nur \u00fcbel, sondern mir schwant \u00dcbles! Dazu Corona, und eine nicht grade kleine Zahl von Verr\u00fcckten, Querdenkern und Nazis in unserem eigenen Land \u2013 es f\u00e4llt schwer, ein Licht am Ende des Tunnels zu sehen.<\/p>\n<p align=\"justify\">Hass nimmt \u00fcberall \u00dcberhand \u2013 auch in den sozialen Medien, denn wer am lautesten schreit, w\u00e4hnt sich im Recht.<\/p>\n<p align=\"justify\">Da ist es doch vielleicht auch mal ganz gut, wenn man mal etwas gutes tun kann \u2013 und sei es nur, um ein kleines bisschen Gl\u00fcck zu verschenken, oder?<\/p>\n<p align=\"justify\">Die Tassen sind nicht billig, das gebe ich zu (und der Kaffee schmeckt auch nicht besser aus der Tasse \u2013 das muss ich als unbestechlicher Tester leider auch sagen ;-)) aber das Gef\u00fchl mit dem Kauf dieser Tasse soziale Einrichtungen zu unterst\u00fctzen ist doch vielleicht eine \u00dcberlegung wert, mal einen Zehner mehr f\u00fcr eine Tasse Kaffee zu bezahlen, oder?<\/p>\n<p align=\"justify\">In diesem Sinne!<\/p>\n<p align=\"justify\">Euer Dr. Nerd<\/p>\n","protected":false},"excerpt":{"rendered":"<p>Tue Gutes und schreibe dar\u00fcber &#8211; ein alter Leitsatz in der Werbebranche.  Nun, ich schreibe \u00fcber etwas Gutes was andere tun &#8211; kann man ja auch mal, oder?..<\/p>\n","protected":false},"author":11,"featured_media":26151,"comment_status":"open","ping_status":"closed","sticky":false,"template":"","format":"standard","meta":{"activitypub_content_warning":"","activitypub_content_visibility":"","activitypub_max_image_attachments":4,"activitypub_interaction_policy_quote":"anyone","activitypub_status":"","footnotes":""},"categories":[12,1,16],"tags":[1573,281],"class_list":["post-26149","post","type-post","status-publish","format-standard","has-post-thumbnail","hentry","category-privat","category-allgemein","category-werbung-andere-lugen","tag-artfabrik","tag-twitter"],"jetpack_featured_media_url":"https:\/\/www.nerd-o-mania.de\/wordpress\/wp-content\/uploads\/2021\/10\/ArtFabrik-Tasse-Beitragsbild-1200-px.jpg","jetpack_likes_enabled":true,"_links":{"self":[{"href":"https:\/\/www.nerd-o-mania.de\/wordpress\/wp-json\/wp\/v2\/posts\/26149","targetHints":{"allow":["GET"]}}],"collection":[{"href":"https:\/\/www.nerd-o-mania.de\/wordpress\/wp-json\/wp\/v2\/posts"}],"about":[{"href":"https:\/\/www.nerd-o-mania.de\/wordpress\/wp-json\/wp\/v2\/types\/post"}],"author":[{"embeddable":true,"href":"https:\/\/www.nerd-o-mania.de\/wordpress\/wp-json\/wp\/v2\/users\/11"}],"replies":[{"embeddable":true,"href":"https:\/\/www.nerd-o-mania.de\/wordpress\/wp-json\/wp\/v2\/comments?post=26149"}],"version-history":[{"count":0,"href":"https:\/\/www.nerd-o-mania.de\/wordpress\/wp-json\/wp\/v2\/posts\/26149\/revisions"}],"wp:featuredmedia":[{"embeddable":true,"href":"https:\/\/www.nerd-o-mania.de\/wordpress\/wp-json\/wp\/v2\/media\/26151"}],"wp:attachment":[{"href":"https:\/\/www.nerd-o-mania.de\/wordpress\/wp-json\/wp\/v2\/media?parent=26149"}],"wp:term":[{"taxonomy":"category","embeddable":true,"href":"https:\/\/www.nerd-o-mania.de\/wordpress\/wp-json\/wp\/v2\/categories?post=26149"},{"taxonomy":"post_tag","embeddable":true,"href":"https:\/\/www.nerd-o-mania.de\/wordpress\/wp-json\/wp\/v2\/tags?post=26149"}],"curies":[{"name":"wp","href":"https:\/\/api.w.org\/{rel}","templated":true}]}}