{"id":34286,"date":"2023-11-18T22:20:30","date_gmt":"2023-11-18T21:20:30","guid":{"rendered":"https:\/\/www.nerd-o-mania.de\/wordpress\/?p=34286"},"modified":"2023-12-05T05:06:33","modified_gmt":"2023-12-05T04:06:33","slug":"sonntagsgedanken-der-rentier-schlitten-des-nikolaus-ist-abgewrackt-und-rudolf-rotnase-bekommt-buergergeld","status":"publish","type":"post","link":"https:\/\/www.nerd-o-mania.de\/wordpress\/2023\/11\/sonntagsgedanken-der-rentier-schlitten-des-nikolaus-ist-abgewrackt-und-rudolf-rotnase-bekommt-buergergeld\/","title":{"rendered":"Sonntagsgedanken: der Rentier-Schlitten des Nikolaus ist abgewrackt und Rudolf Rotnase bekommt B\u00fcrgergeld &#8230;"},"content":{"rendered":"<h2><span class=\"ez-toc-section\" id=\"Weihnachtsmaerkte_bei_Regen_und_Fruehlingstemperaturen_Ein_Nogo\"><\/span>Weihnachtsm\u00e4rkte bei Regen und Fr\u00fchlingstemperaturen? Ein Nogo!<span class=\"ez-toc-section-end\"><\/span><\/h2><div id=\"ez-toc-container\" class=\"ez-toc-v2_0_82_2 ez-toc-wrap-left counter-hierarchy ez-toc-counter ez-toc-custom ez-toc-container-direction\">\n<p class=\"ez-toc-title\" style=\"cursor:inherit\">Beitragsinhalt<\/p>\n<label for=\"ez-toc-cssicon-toggle-item-69ef4094231ee\" class=\"ez-toc-cssicon-toggle-label\"><span class=\"ez-toc-cssicon\"><span class=\"eztoc-hide\" style=\"display:none;\">Toggle<\/span><span class=\"ez-toc-icon-toggle-span\"><svg style=\"fill: #999;color:#999\" xmlns=\"http:\/\/www.w3.org\/2000\/svg\" class=\"list-377408\" width=\"20px\" height=\"20px\" viewBox=\"0 0 24 24\" fill=\"none\"><path d=\"M6 6H4v2h2V6zm14 0H8v2h12V6zM4 11h2v2H4v-2zm16 0H8v2h12v-2zM4 16h2v2H4v-2zm16 0H8v2h12v-2z\" fill=\"currentColor\"><\/path><\/svg><svg style=\"fill: #999;color:#999\" class=\"arrow-unsorted-368013\" xmlns=\"http:\/\/www.w3.org\/2000\/svg\" width=\"10px\" height=\"10px\" viewBox=\"0 0 24 24\" version=\"1.2\" baseProfile=\"tiny\"><path d=\"M18.2 9.3l-6.2-6.3-6.2 6.3c-.2.2-.3.4-.3.7s.1.5.3.7c.2.2.4.3.7.3h11c.3 0 .5-.1.7-.3.2-.2.3-.5.3-.7s-.1-.5-.3-.7zM5.8 14.7l6.2 6.3 6.2-6.3c.2-.2.3-.5.3-.7s-.1-.5-.3-.7c-.2-.2-.4-.3-.7-.3h-11c-.3 0-.5.1-.7.3-.2.2-.3.5-.3.7s.1.5.3.7z\"\/><\/svg><\/span><\/span><\/label><input type=\"checkbox\"  id=\"ez-toc-cssicon-toggle-item-69ef4094231ee\"  aria-label=\"Toggle\" \/><nav><ul class='ez-toc-list ez-toc-list-level-1 ' ><li class='ez-toc-page-1 ez-toc-heading-level-2'><a class=\"ez-toc-link ez-toc-heading-1\" href=\"https:\/\/www.nerd-o-mania.de\/wordpress\/2023\/11\/sonntagsgedanken-der-rentier-schlitten-des-nikolaus-ist-abgewrackt-und-rudolf-rotnase-bekommt-buergergeld\/#Weihnachtsmaerkte_bei_Regen_und_Fruehlingstemperaturen_Ein_Nogo\" >Weihnachtsm\u00e4rkte bei Regen und Fr\u00fchlingstemperaturen? Ein Nogo!<\/a><ul class='ez-toc-list-level-3' ><li class='ez-toc-heading-level-3'><a class=\"ez-toc-link ez-toc-heading-2\" href=\"https:\/\/www.nerd-o-mania.de\/wordpress\/2023\/11\/sonntagsgedanken-der-rentier-schlitten-des-nikolaus-ist-abgewrackt-und-rudolf-rotnase-bekommt-buergergeld\/#Klimaexperten_%E2%80%93_es_gibt_solche_und_die_anderen\" >Klimaexperten &#8211; es gibt solche und die anderen..<\/a><\/li><li class='ez-toc-page-1 ez-toc-heading-level-3'><a class=\"ez-toc-link ez-toc-heading-3\" href=\"https:\/\/www.nerd-o-mania.de\/wordpress\/2023\/11\/sonntagsgedanken-der-rentier-schlitten-des-nikolaus-ist-abgewrackt-und-rudolf-rotnase-bekommt-buergergeld\/#Desinformation_als_Geschaeftsmodell_%E2%80%93_Servus_TV_at_its_Best\" >Desinformation als Gesch\u00e4ftsmodell &#8211; Servus TV at its Best..<\/a><\/li><li class='ez-toc-page-1 ez-toc-heading-level-3'><a class=\"ez-toc-link ez-toc-heading-4\" href=\"https:\/\/www.nerd-o-mania.de\/wordpress\/2023\/11\/sonntagsgedanken-der-rentier-schlitten-des-nikolaus-ist-abgewrackt-und-rudolf-rotnase-bekommt-buergergeld\/#Zum_Nazi_durch_Bequemlichkeit_%E2%80%93_das_Seelengift_kommt_schleichend_und_in_kleinen_Dosen\" >Zum Nazi durch Bequemlichkeit? &#8211; das Seelengift kommt schleichend und in kleinen Dosen..<\/a><\/li><li class='ez-toc-page-1 ez-toc-heading-level-3'><a class=\"ez-toc-link ez-toc-heading-5\" href=\"https:\/\/www.nerd-o-mania.de\/wordpress\/2023\/11\/sonntagsgedanken-der-rentier-schlitten-des-nikolaus-ist-abgewrackt-und-rudolf-rotnase-bekommt-buergergeld\/#zum_Nazi_werden_ist_doch_so_herrlich_bequem_%E2%80%93_dabei_kann_man_sogar_auf_dem_Sofa_sitzen_bleiben\" >zum Nazi werden ist doch so herrlich bequem &#8211; dabei kann man sogar auf dem Sofa sitzen bleiben..<\/a><\/li><\/ul><\/li><\/ul><\/nav><\/div>\n\n<p style=\"text-align: justify;\">Hidiho liebe Community! Und schon wieder ist ein Monat um. Kommt mir das nur so vor, oder zerrinnt im Alter die Zeit viel schneller? Nein, sagt es mir nicht..<\/p>\n<p style=\"text-align: justify;\">Ja, der Oktober war leider nicht so richtig g\u00fclden, sondern mehr Kackwetterm\u00e4\u00dfig regnerisch &#8211; der November macht da keine Ausnahme. Richtig winterlich ist das leider alles nicht &#8211; und das, wo so langsam die Weihnachtsm\u00e4rkte ihre Pforten \u00f6ffnen.<\/p>\n<blockquote class=\"quote-light\">\n<p style=\"text-align: justify;\">Auch wenn man von verantwortlicher Seite gerne schwanzeinziehend Weihnachtsm\u00e4rkte umbenennt in Lichterstadt, Erlebnismarkt &#8211; oder egal, welches Wort man nutzt, um bloss nicht mit dem Begriff Weihnachten anzuecken &#8211; f\u00fcr mich bleibt es immer und ewig ein Weihnachtsmarkt. Und keine Angst ihr woken Spinner &#8211; ich bin schon alt. Sp\u00e4testens wenn ich tot bin, ist ja f\u00fcr euch die Welt wieder in Ordnung..<\/p>\n<\/blockquote>\n<p style=\"text-align: justify;\">Ohne das Wort Klimawandel in den Mund nehmen zu wollen, aber Weihnachtsm\u00e4rkte machen nur Spa\u00df, wenn winterliches Wetter ist. Und damit meine ich Minusgrade und Schnee &#8211; nicht Ussel-Wetter mit Temperaturen um 10\u00b0 Grad Celsius und Dauerregen.<\/p>\n<p style=\"text-align: justify;\">Schnee und geh\u00f6rige Minusgrade geh\u00f6ren f\u00fcr mich beim Besuch eines Weihnachtsmarktes einfach dazu. <a href=\"https:\/\/www.deutsche-weihnachtsmaerkte.de\/weihnachtsmarkt\/in\/nordrhein-westfalen\/mittelalterlicher-lichter-weihnachtsmarkt-dortmund-2206.html\" target=\"_blank\" rel=\"noopener\">Einen besonders sch\u00f6nen mittelalterlichen Weihnachtsmarkt haben wir sogar in Dortmund<\/a> &#8211; alles andere ist ein X-beliebiger Futter &#8211; und Saufmarkt, der zu jeder Jahreszeit abgehalten werden kann. An die besagten Weihnachtsm\u00e4rkte, mit Schnee und Minusgraden kann ich mich noch erinnern, obwohl es in den Citys von Gro\u00dfst\u00e4dten dann auch schnell wieder weggetaut war. Aber in den Vororten, da blieb der Schnee Tage &#8211; und manchmal sogar Wochenlang liegen. Also liebe Leser: Arme hoch &#8211; wer von euch hat noch einen richtigen Winter erlebt?<\/p>\n<p style=\"text-align: justify;\">Dass irgendwas nicht mit dem Wetter stimmen kann merkt man ja auch an den Wintersportarten, die im Fernsehen \u00fcbertragen werden. Kunstschnee-Kanonen m\u00fcssen die wei\u00dfe Pracht m\u00fchsam an traditionellen Austragungsorten erzeugen, wo fr\u00fcher das Wetter mal eben freiwillig Tonnenweise Schnee abkippte.<\/p>\n<p style=\"text-align: justify;\">Aber &#8222;wir hatten ja schon immer mal solche Winter&#8220; h\u00f6rt man dann von den Klimawandelleugnern, die ohne mit der Wimper zu zucken diesen Planeten und die n\u00e4chsten Generationen verrecken lassen werden, solange Sie sich nur nicht einschr\u00e4nken m\u00fcssen und weiter munter CO2 in die Luft blasen &#8211; nicht ohne dabei mit dem Finger auf China zu zeigen, das Land, welches f\u00fcr die Verblendeten der Antichrist ist &#8211; die Zahlen der Statistiken sagen jedoch was v\u00f6llig anderes.<\/p>\n<h3><span class=\"ez-toc-section\" id=\"Klimaexperten_%E2%80%93_es_gibt_solche_und_die_anderen\"><\/span>Klimaexperten &#8211; es gibt solche und die anderen..<span class=\"ez-toc-section-end\"><\/span><\/h3>\n<p style=\"text-align: justify;\">Nehmen wir mal den Anteil der Anlagen, die mit erneuerbarer Energie betrieben werden &#8211; da ist China weltweit mit Abstand f\u00fchrend.<\/p>\n<p style=\"text-align: justify;\"><em><a href=\"https:\/\/www.nerd-o-mania.de\/wordpress\/wp-content\/uploads\/2023\/11\/Statistik-erneuerbare-Energie-Anlagen-2022-1000px.jpg\"><img loading=\"lazy\" decoding=\"async\" class=\"alignright wp-image-34306\" src=\"https:\/\/www.nerd-o-mania.de\/wordpress\/wp-content\/uploads\/2023\/11\/Statistik-erneuerbare-Energie-Anlagen-2022-1000px-550x283.jpg\" alt=\"\" width=\"422\" height=\"217\" title=\"\" srcset=\"https:\/\/www.nerd-o-mania.de\/wordpress\/wp-content\/uploads\/2023\/11\/Statistik-erneuerbare-Energie-Anlagen-2022-1000px-550x283.jpg 550w, https:\/\/www.nerd-o-mania.de\/wordpress\/wp-content\/uploads\/2023\/11\/Statistik-erneuerbare-Energie-Anlagen-2022-1000px-360x185.jpg 360w, https:\/\/www.nerd-o-mania.de\/wordpress\/wp-content\/uploads\/2023\/11\/Statistik-erneuerbare-Energie-Anlagen-2022-1000px-768x396.jpg 768w, https:\/\/www.nerd-o-mania.de\/wordpress\/wp-content\/uploads\/2023\/11\/Statistik-erneuerbare-Energie-Anlagen-2022-1000px.jpg 1000w\" sizes=\"auto, (max-width: 422px) 100vw, 422px\" \/><\/a>(<strong>Bild rechts:<\/strong> Man kann auf die Chinesen mit dem Finger zeigen und Sie als Umwelt-Zerst\u00f6rer bezeichnen, doch in Wahrheit haben die &#8211; jedenfalls im Bereich erneuerbare Energien &#8211; ihre Hausaufgaben gemacht: China hat weltweit <strong>mit Abstand<\/strong> die h\u00f6chste Energiegewinnung aus Anlagen, die mit erneuerbarer Energie betrieben werden.)<\/em><\/p>\n<blockquote class=\"alignleft quote-light \">\n<p style=\"text-align: justify;\">Die Statistik verdeutlicht, dass die installierte Leistung der Erneuerbaren-Energien-Anlagen von den dargestellten L\u00e4ndern in den letzten Jahren kontinuierlich zunahm. Diese Entwicklung wird besonders am Beispiel China deutlich, deren installierte Leistung von Erneuerbaren-Energien-Anlagen im Jahr 2022 bei rund 1.200 Gigawatt betrug. <cite>Statista Webseite<\/cite><\/p>\n<\/blockquote>\n<p style=\"text-align: justify;\">Wenn man dann auch noch sieht, dass der wichtige pro-Kopf CO2-Aussto\u00df in China niedriger ist, als der Deutschlands &#8211; dazu noch angesichts der Tatsache, dass China Energieintensiv f\u00fcr fast alle anderen L\u00e4nder fertigt und der Mist normalerweise unsere eigene CO2-Bilanz m\u00e4chtig nach oben dr\u00fccken w\u00fcrde, dann sollte man mal den ausgestreckten Zeigefinger schleunigst wieder einpacken &#8211; oder ihn besser gleich auf sich selber richten.<\/p>\n<p style=\"text-align: justify;\">Und ja, wir hatten auch mal Winter mit weniger Schnee &#8211; aber nicht etliche Jahre hintereinander. Als ich Kind war, lag Heiligabend immer Schnee &#8211; wer kann sich daran erinnern, dass es an diesem Tag, an dem Schnee eigentlich traditionell dazugeh\u00f6rt, auch derselbige lag? Wenn das so weitergeht, dann wird der Nikolaus irgendwann nicht mehr mit einem Rentierschlitten, sondern mit einem Wasserscooter auf dem Dach landen.<\/p>\n<p style=\"text-align: justify;\"><a href=\"https:\/\/www.nerd-o-mania.de\/wordpress\/wp-content\/uploads\/2023\/11\/Nikolaus-2023.jpeg\"><img loading=\"lazy\" decoding=\"async\" class=\"alignleft size-large wp-image-34298\" src=\"https:\/\/www.nerd-o-mania.de\/wordpress\/wp-content\/uploads\/2023\/11\/Nikolaus-2023-300x300.jpeg\" alt=\"\" width=\"300\" height=\"300\" title=\"\"><\/a><em>(<strong>Bild links:<\/strong> Bald m\u00fcssen wir beim Weihnachtsmann umdenken. Rudolf Rotnase und seine Rentiergang gehen in Rente &#8211; der Schlitten ist mangels Schnee abgewrackt worden &#8211; daf\u00fcr f\u00e4hrt der Nikolaus mit einem Wasserscooter vom Nordpol los um seine Geschenke von Haus zu Haus zu karren.<\/em><\/p>\n<p style=\"text-align: justify;\"><em>Bild erstellt durch Dall-e Bild KI. <strong>Text:<\/strong> &#8222;ein \u00e4lterer Mann im Hawaii-Hemd mit langem Bart und roter Zipfelm\u00fctze, der bei Regen auf einem mit vielen Geschenken beladenem Wasserscooter auf dem Dach eines Hauses parkt.&#8220;)<\/em><\/p>\n<h3><span class=\"ez-toc-section\" id=\"Desinformation_als_Geschaeftsmodell_%E2%80%93_Servus_TV_at_its_Best\"><\/span>Desinformation als Gesch\u00e4ftsmodell &#8211; Servus TV at its Best..<span class=\"ez-toc-section-end\"><\/span><\/h3>\n<p style=\"text-align: justify;\">Gerne werden von Klimawandelleugnern auch die Videos des Professor Gantef\u00f6hr angef\u00fchrt. Die Kernaussage seiner Videos ist, dass die W\u00e4rmepumpentechnik Mumpitz ist und auch dass die gro\u00dfen CO2-Eliminierungs-Becken in Form der Ozeane und W\u00e4lder daf\u00fcr sorgen, dass schon nicht alles so schlimm wird.<\/p>\n<p style=\"text-align: justify;\">Das ganze h\u00f6rt sich im ersten Moment wissenschaftlich fundiert an und der Herr hat in der Vergangenheit auch bereits etliche Videos zu allen m\u00f6glichen Themen gemacht. Und es ist ja auch sch\u00f6n, wenn ein Wissenschaftler vorrechnet, dass die ganzen angedachten \u00c4nderungen der Politik zum Thema W\u00e4rmepumpen reine Panikmache ist.<\/p>\n<p style=\"text-align: justify;\">Es gibt aber ein paar Punkte, die mich am Wahrheitsgehalt der Videos, besonders im Bereich Klimawandel, W\u00e4rmepumpen und \u00e4hnlichen Themen zweifeln lassen. Da ist erst mal der hochtrabende Begriff &#8222;Professor&#8220; den er immer noch werbewirksam tr\u00e4gt &#8211; ja, den Lehrstuhl an einer Uni hatte er mal, doch er ist emeritiert &#8211; das bedeutet im Ruhestand (oder auch &#8222;aus Gr\u00fcnden&#8220; entfernt worden und man wollte dies nicht zu einer gro\u00dfen Presseangelegenheit machen). Dazu muss man wissen, dass Professor kein akademischer Grad ist. Bei entsprechender fachlicher Eignung kann jeder eine Professur bekommen. Pensionierte Professoren bekommen auch ein Ruhegehalt &#8211; das kann eigentlich nicht ganz so niedrig sein. Wieso ist man dann noch auf die Einnahmen des YouTube- Channels angewiesen?<\/p>\n\n\t\t<div class=\"stream-item stream-item-in-post stream-item-in-post-1\"><hr>\r\n<p style=\"text-align: center;\"> HIER FOLGT EINE WERBEANZEIGE <\/p>\r\n<script async src=\"https:\/\/pagead2.googlesyndication.com\/pagead\/js\/adsbygoogle.js?client=ca-pub-4512412109408083\"\r\n     crossorigin=\"anonymous\"><\/script>\r\n<!-- Jannah Responsiv -->\r\n<ins class=\"adsbygoogle\"\r\n     style=\"display:block\"\r\n     data-ad-client=\"ca-pub-4512412109408083\"\r\n     data-ad-slot=\"9296702764\"\r\n     data-ad-format=\"auto\"\r\n     data-full-width-responsive=\"true\"><\/ins>\r\n<script>\r\n     (adsbygoogle = window.adsbygoogle || []).push({});\r\n<\/script>\r\n<hr>\n\t\t<\/div>\n\t\n<p style=\"text-align: justify;\">Und auch leider: So sehr der Herr auch fr\u00fcher interessante Videos gemacht hat &#8211; es steigt der Verdacht auf, dass er von der Lobby der Betreiber von Energiegewinnungs-Anlagen fossiler Brennstoffe &#8222;gekauft&#8220; wurde. Diesen Verdacht habe ich immer, wenn jemand um Spenden bettelt, um den YouTube Kanal am laufen zu halten (was ich nicht verstehe, denn ich habe auch einen <a href=\"https:\/\/www.youtube.com\/channel\/UCVD6kDPszSA5NfAYLBb9Sww\" target=\"_blank\" rel=\"noopener\">Kanal bei YouTube<\/a> (jetzt biste platt, wa?), und der ist f\u00fcr mich kostenlos. Und das erstellen von Videos? Echt, Leute, wenn ich meine Fratze in Videos zeige, dann m\u00fcsste ich euch eigentlich bezahlen, dass ihr das aushaltet und nicht umgekehrt&#8230;<\/p>\n<p style=\"text-align: justify;\">Auch dass er bei Servus-TV zu den bevorzugten Talk-G\u00e4sten geh\u00f6rt, l\u00e4sst eine Alarmglocke schrillen und mich gleich an den damaligen &#8222;Experten&#8220; Dr. Bakshi denken, der seinerzeit zu Covid seine ganz eigenen Pseudowissenschaftlichen Thesen in die Kameras plapperte &#8211; Wasser auf die M\u00fchlen der dauerverwirrten Maskenverweigerer &#8211; und letztlich totaler Bullshit.<\/p>\n<p style=\"text-align: justify;\">Dass der Inhalt von <a href=\"https:\/\/de.wikipedia.org\/wiki\/ServusTV#:~:text=ServusTV%20betreibt%20seit%202022%20die,Ferdinand%20Wegscheider%20als%20rechtspopulistisch%20kritisiert.\" target=\"_blank\" rel=\"noopener\">Servus-TV gezielt falsche Informationen streut und der Inhaber der rechten Szene nahesteht<\/a> ist auch kein Geheimnis. Alles was sich dort &#8222;wissenschaftlich&#8220; nennt, ist deshalb erst mal mit Vorsicht zu genie\u00dfen.<\/p>\n<p style=\"text-align: justify;\">Es gibt auch Videos von ebenfalls Medienpr\u00e4senten Wissenschaftlern, die an den sch\u00f6ngerechneten &#8211; weil mit (vors\u00e4tzlich?) falschen Zahlen vorgenommenen &#8211; Ergebnissen ernsthafte Zweifel haben:<\/p>\n<p><span class=\"embed-youtube\" style=\"text-align:center; display: block;\"> <\/p>\n<div class=\"brlbs-cmpnt-container brlbs-cmpnt-content-blocker brlbs-cmpnt-with-individual-styles\" data-borlabs-cookie-content-blocker-id=\"youtube-content-blocker\" data-borlabs-cookie-content=\"PGlmcmFtZSBjbGFzcz0ieW91dHViZS1wbGF5ZXIiIHdpZHRoPSI2NDAiIGhlaWdodD0iMzYwIiBzcmM9Imh0dHBzOi8vd3d3LnlvdXR1YmUtbm9jb29raWUuY29tL2VtYmVkLzNyaTVaSjNoNmc0P3ZlcnNpb249MyYjMDM4O3JlbD0xJiMwMzg7c2hvd3NlYXJjaD0wJiMwMzg7c2hvd2luZm89MSYjMDM4O2l2X2xvYWRfcG9saWN5PTEmIzAzODtmcz0xJiMwMzg7aGw9ZGUtREUmIzAzODthdXRvaGlkZT0yJiMwMzg7d21vZGU9dHJhbnNwYXJlbnQiIGFsbG93ZnVsbHNjcmVlbj0idHJ1ZSIgc3R5bGU9ImJvcmRlcjowOyIgc2FuZGJveD0iYWxsb3ctc2NyaXB0cyBhbGxvdy1zYW1lLW9yaWdpbiBhbGxvdy1wb3B1cHMgYWxsb3ctcHJlc2VudGF0aW9uIGFsbG93LXBvcHVwcy10by1lc2NhcGUtc2FuZGJveCI+PC9pZnJhbWU+\">\n<div class=\"brlbs-cmpnt-cb-preset-c brlbs-cmpnt-cb-youtube\">\n<div class=\"brlbs-cmpnt-cb-thumbnail\" style=\"background-image: url('https:\/\/www.nerd-o-mania.de\/wordpress\/wp-content\/uploads\/borlabs-cookie\/1\/yt_3ri5ZJ3h6g4_hqdefault.jpg')\"><\/div>\n<div class=\"brlbs-cmpnt-cb-main\">\n<div class=\"brlbs-cmpnt-cb-play-button\"><\/div>\n<div class=\"brlbs-cmpnt-cb-content\">\n<p class=\"brlbs-cmpnt-cb-description\">Sie sehen gerade einen Platzhalterinhalt von <strong>YouTube<\/strong>. Um auf den eigentlichen Inhalt zuzugreifen, klicken Sie auf die Schaltfl\u00e4che unten. Bitte beachten Sie, dass dabei Daten an Drittanbieter weitergegeben werden.<\/p>\n<p> <a class=\"brlbs-cmpnt-cb-provider-toggle\" href=\"#\" data-borlabs-cookie-show-provider-information role=\"button\">Mehr Informationen<\/a> <\/div>\n<div class=\"brlbs-cmpnt-cb-buttons\"> <a class=\"brlbs-cmpnt-cb-btn\" href=\"#\" data-borlabs-cookie-unblock role=\"button\">Inhalt entsperren<\/a> <a class=\"brlbs-cmpnt-cb-btn\" href=\"#\" data-borlabs-cookie-accept-service role=\"button\" style=\"display: inherit\">Erforderlichen Service akzeptieren und Inhalte entsperren<\/a> <\/div>\n<\/p><\/div>\n<\/p><\/div>\n<\/div>\n<p><\/span><\/p>\n<p style=\"text-align: justify;\">Stefan Holzheu (promovierter Umweltwissenschaftler an der Universit\u00e4t Bayreuth und Sprecher von Scientists4Future Bayreuth) ist zwar nicht so ein guter freier Redner wie der nett daherkommende Ex-Professor Gerd Gantef\u00f6r &#8211; aber sein Video wirkt auf mich fundierter, als das des netten &#8222;alles wird gut&#8220; &#8211; Wissenschaftlers..<\/p>\n<h3><span class=\"ez-toc-section\" id=\"Zum_Nazi_durch_Bequemlichkeit_%E2%80%93_das_Seelengift_kommt_schleichend_und_in_kleinen_Dosen\"><\/span>Zum Nazi durch Bequemlichkeit? &#8211; das Seelengift kommt schleichend und in kleinen Dosen..<span class=\"ez-toc-section-end\"><\/span><\/h3>\n<p style=\"text-align: justify;\">Aber so ist das halt beim Egoismus 2.0.. Da hat man es nicht so mit den Fakten &#8211; ist ja auch unbequem, wenn man einsehen soll, dass man charakterlich nicht viel besser ist, als unsere im strammen Stechschritt Richtung Rechts marschierende Regierung, die nun <a href=\"https:\/\/www.lto.de\/recht\/hintergruende\/h\/bmi-seenotrettung-aenderung-aufenthaltsrecht-strafbarkeit\/\" target=\"_blank\" rel=\"noopener\">Haft-Strafen f\u00fcr die ehrenamtlichen Seenot-Retter verh\u00e4ngen will, falls die &#8222;falschen&#8220; Menschen gerettet werden<\/a>. Seit wann gibt es falsche und richtige Menschen wenn es darum geht ein Menschenleben zu retten? Und ich k\u00f6nnte grade strahlkotzen, weil ich mich f\u00fcr dieses Land in Grund und Boden sch\u00e4me! Meine Gro\u00dfmutter, die 2 Weltkriege erlebt hatte &#8211; Sozialdemokratin der ersten Stunde, die irgendwann ihr Parteibuch zur\u00fcckgab, weil sie den Kurs der Partei nicht mehr folgen wollte &#8211; erz\u00e4hlte mir die abscheulichen Gedankeng\u00e4nge der Nazis: \u00fcber Euthanasie, unwertes Leben, Rassengesetze. Genau da sind wir nun wieder. Noch erb\u00e4rmlicher kann man nicht zeigen, dass der moralische Kompass unserer Politiker au\u00dfer Betrieb ist und die Demokratie und die Menschenrechte in diesem Land immer weiter ausgeh\u00f6hlt werden..<\/p>\n<h3><span class=\"ez-toc-section\" id=\"zum_Nazi_werden_ist_doch_so_herrlich_bequem_%E2%80%93_dabei_kann_man_sogar_auf_dem_Sofa_sitzen_bleiben\"><\/span>zum Nazi werden ist doch so herrlich bequem &#8211; dabei kann man sogar auf dem Sofa sitzen bleiben..<span class=\"ez-toc-section-end\"><\/span><\/h3>\n<p style=\"text-align: justify;\"><em><a href=\"https:\/\/www.nerd-o-mania.de\/wordpress\/wp-content\/uploads\/2023\/11\/Muellverhalten-des-normalen-deutschen-Buergers-Symbolfoto.jpg\"><img loading=\"lazy\" decoding=\"async\" class=\"alignright size-large wp-image-34304\" src=\"https:\/\/www.nerd-o-mania.de\/wordpress\/wp-content\/uploads\/2023\/11\/Muellverhalten-des-normalen-deutschen-Buergers-Symbolfoto-225x300.jpg\" alt=\"\" width=\"225\" height=\"300\" title=\"\" srcset=\"https:\/\/www.nerd-o-mania.de\/wordpress\/wp-content\/uploads\/2023\/11\/Muellverhalten-des-normalen-deutschen-Buergers-Symbolfoto-225x300.jpg 225w, https:\/\/www.nerd-o-mania.de\/wordpress\/wp-content\/uploads\/2023\/11\/Muellverhalten-des-normalen-deutschen-Buergers-Symbolfoto-180x240.jpg 180w, https:\/\/www.nerd-o-mania.de\/wordpress\/wp-content\/uploads\/2023\/11\/Muellverhalten-des-normalen-deutschen-Buergers-Symbolfoto.jpg 600w\" sizes=\"auto, (max-width: 225px) 100vw, 225px\" \/><\/a>(Bild rechts: das typische M\u00fcllverhalten des deutschen B\u00fcrgers. Die Adress-Aufkleber konnte man Nachts noch fein s\u00e4uberlich aus dem Karton schneiden, damit man nicht nachvollziehen kann, wer das war. F\u00fcr das zerschneiden der Kartons &#8211; wer genau hinschaut, sieht, dass dahinter noch ein gro\u00dfer Karton unzerkleinert hineingeworfen wurde &#8211; war dann nicht mehr genug Energie vorhanden. Sollen das doch andere machen. Und Du glaubst, wir kriegen die Menschen zum umdenken im Bereich Klimawandel und sich selber mal etwas einschr\u00e4nken? Tr\u00e4um weiter!..)<\/em><\/p>\n<p style=\"text-align: justify;\">Bequemlichkeit, Egoismus und Dummheit &#8211; das sind die Hauptcharaktermerkmale der Bev\u00f6lkerung in diesem Land. Da ist es dann kein Wunder, dass rechtsradikales Gedankengut auf fruchtbaren Boden f\u00e4llt. Ist ja auch viel einfacher irgendwelche Parolen nachzuplappern, als mal selber die Fakten zu checken um zu merken, dass an keiner der Aussagen etwas dran ist. Aber wenn man merkt, dass man nur f\u00fcr dumm verkauft wird, dann m\u00fcsste man auch mal den Mund aufmachen und das sagen &#8211; doch aus Bequemlichkeit h\u00e4lt der auf die eigene Wohlf\u00fchl-Zone fixierte B\u00fcrger die Klappe und sitzt weiter auf seiner rosa Wattewolke.<\/p>\n<p style=\"text-align: justify;\">Und weil der Deutsche B\u00fcrger (aber nicht nur der &#8211; im Ausland geht das Spiel genauso) so ein dummes und bequemes Schaf ist, dass seinen Hintern nicht von der Couch hochbekommt, plappert er munter weiter die Phrasen der gef\u00e4hrlich rechts agierenden CDU und der AfD nach, ist gegen Ausl\u00e4nder, von denen jeder kriminell ist und nat\u00fcrlich sind auch B\u00fcrgergeld-Empf\u00e4nger Sozial-Schmarotzer.<\/p>\n\n\t\t<div class=\"stream-item stream-item-in-post stream-item-in-post-2\"><hr>\r\n<p style=\"text-align: center;\"> HIER FOLGT EINE WERBEANZEIGE <\/p>\r\n<script async src=\"https:\/\/pagead2.googlesyndication.com\/pagead\/js\/adsbygoogle.js?client=ca-pub-4512412109408083\"\r\n     crossorigin=\"anonymous\"><\/script>\r\n<!-- Jannah Responsiv -->\r\n<ins class=\"adsbygoogle\"\r\n     style=\"display:block\"\r\n     data-ad-client=\"ca-pub-4512412109408083\"\r\n     data-ad-slot=\"9296702764\"\r\n     data-ad-format=\"auto\"\r\n     data-full-width-responsive=\"true\"><\/ins>\r\n<script>\r\n     (adsbygoogle = window.adsbygoogle || []).push({});\r\n<\/script>\r\n<hr>\n\t\t<\/div>\n\t\n<p style=\"text-align: justify;\">Vielleicht sollte man mal dar\u00fcber nachdenken, dass nicht der Bed\u00fcrftige dem Steuerzahler auf der Tasche liegt, sondern dieses &#8222;unsoziale Verhalten&#8220; durch die Gesetzgebung der Politik erm\u00f6glicht wird. Wenn es also einen Schuldigen braucht, dann bitte auf diejenigen eindreschen, die solche Gesetze erlassen &#8211; nicht auf diejenigen, die sich an die Gesetze halten und sich das aus der Kasse nehmen, was m\u00f6glich ist &#8211; Ihr w\u00fcrdet es sicher nicht anders machen.<\/p>\n<p style=\"text-align: justify;\">Oder w\u00fcrdest Du nicht bei der Personal-Abteilung nachfragen, was los ist, wenn ein Kollege eine Zulage bekommt, der das gleiche macht wie Du und dann verlangen dieses finanzielle Zubrot auch zu bekommen? Ich sehe nirgendwo einen Punkt an dem dies unmoralisch sein soll. Und wenn man ohne zu arbeiten mehr Geld bekommt, als jemand der Tag f\u00fcr Tag seinen K\u00f6rper zur Arbeit schleppt, dann stimmt etwas mit den L\u00f6hnen nicht &#8211; nicht mit dem B\u00fcrgergeld.<\/p>\n<p style=\"text-align: justify;\">Tja, das waren auch schon wieder meine Sonntagsgedanken &#8211; waren doch heute ganz mild, oder? Fast so friedlich wie das Weihnachtsfest. Keine Verletzten, keine Beschimpfungen. Na ja vielleicht ein bi\u00dfchen..<\/p>\n","protected":false},"excerpt":{"rendered":"<p>Weihnachtsm\u00e4rkte bei Regen und Fr\u00fchlingstemperaturen? Ein Nogo! Hidiho liebe Community! Und schon wieder ist ein Monat um. Kommt mir das nur so vor, oder zerrinnt im Alter die Zeit viel schneller? Nein, sagt es mir nicht.. Ja, der Oktober war leider nicht so richtig g\u00fclden, sondern mehr Kackwetterm\u00e4\u00dfig regnerisch &#8211; der November macht da keine &hellip;<\/p>\n","protected":false},"author":11,"featured_media":34300,"comment_status":"open","ping_status":"closed","sticky":false,"template":"","format":"standard","meta":{"activitypub_content_warning":"","activitypub_content_visibility":"","activitypub_max_image_attachments":4,"activitypub_interaction_policy_quote":"anyone","activitypub_status":"","footnotes":""},"categories":[879],"tags":[],"class_list":["post-34286","post","type-post","status-publish","format-standard","has-post-thumbnail","hentry","category-sonntagsgedanken"],"jetpack_featured_media_url":"https:\/\/www.nerd-o-mania.de\/wordpress\/wp-content\/uploads\/2023\/11\/Beitragsbild-November-2023-e1700227294747.jpeg","jetpack_likes_enabled":true,"_links":{"self":[{"href":"https:\/\/www.nerd-o-mania.de\/wordpress\/wp-json\/wp\/v2\/posts\/34286","targetHints":{"allow":["GET"]}}],"collection":[{"href":"https:\/\/www.nerd-o-mania.de\/wordpress\/wp-json\/wp\/v2\/posts"}],"about":[{"href":"https:\/\/www.nerd-o-mania.de\/wordpress\/wp-json\/wp\/v2\/types\/post"}],"author":[{"embeddable":true,"href":"https:\/\/www.nerd-o-mania.de\/wordpress\/wp-json\/wp\/v2\/users\/11"}],"replies":[{"embeddable":true,"href":"https:\/\/www.nerd-o-mania.de\/wordpress\/wp-json\/wp\/v2\/comments?post=34286"}],"version-history":[{"count":0,"href":"https:\/\/www.nerd-o-mania.de\/wordpress\/wp-json\/wp\/v2\/posts\/34286\/revisions"}],"wp:featuredmedia":[{"embeddable":true,"href":"https:\/\/www.nerd-o-mania.de\/wordpress\/wp-json\/wp\/v2\/media\/34300"}],"wp:attachment":[{"href":"https:\/\/www.nerd-o-mania.de\/wordpress\/wp-json\/wp\/v2\/media?parent=34286"}],"wp:term":[{"taxonomy":"category","embeddable":true,"href":"https:\/\/www.nerd-o-mania.de\/wordpress\/wp-json\/wp\/v2\/categories?post=34286"},{"taxonomy":"post_tag","embeddable":true,"href":"https:\/\/www.nerd-o-mania.de\/wordpress\/wp-json\/wp\/v2\/tags?post=34286"}],"curies":[{"name":"wp","href":"https:\/\/api.w.org\/{rel}","templated":true}]}}