{"id":35952,"date":"2024-06-01T10:00:24","date_gmt":"2024-06-01T08:00:24","guid":{"rendered":"https:\/\/www.nerd-o-mania.de\/wordpress\/?p=35952"},"modified":"2024-06-02T23:42:33","modified_gmt":"2024-06-02T21:42:33","slug":"monatsrueckblick-mai-2024","status":"publish","type":"post","link":"https:\/\/www.nerd-o-mania.de\/wordpress\/2024\/06\/monatsrueckblick-mai-2024\/","title":{"rendered":"Monatsr\u00fcckblick Mai 2024 &#8211; 5 Neuigkeiten, ein neuer Mitbewohner und ein Todesfall."},"content":{"rendered":"<h3><span class=\"ez-toc-section\" id=\"1_Kuehlung_mit_Anlaufproblemen\"><\/span>1. K\u00fchlung mit Anlaufproblemen..<span class=\"ez-toc-section-end\"><\/span><\/h3><div id=\"ez-toc-container\" class=\"ez-toc-v2_0_82_2 ez-toc-wrap-left counter-hierarchy ez-toc-counter ez-toc-custom ez-toc-container-direction\">\n<p class=\"ez-toc-title\" style=\"cursor:inherit\">Beitragsinhalt<\/p>\n<label for=\"ez-toc-cssicon-toggle-item-69f43a415bb55\" class=\"ez-toc-cssicon-toggle-label\"><span class=\"ez-toc-cssicon\"><span class=\"eztoc-hide\" style=\"display:none;\">Toggle<\/span><span class=\"ez-toc-icon-toggle-span\"><svg style=\"fill: #999;color:#999\" xmlns=\"http:\/\/www.w3.org\/2000\/svg\" class=\"list-377408\" width=\"20px\" height=\"20px\" viewBox=\"0 0 24 24\" fill=\"none\"><path d=\"M6 6H4v2h2V6zm14 0H8v2h12V6zM4 11h2v2H4v-2zm16 0H8v2h12v-2zM4 16h2v2H4v-2zm16 0H8v2h12v-2z\" fill=\"currentColor\"><\/path><\/svg><svg style=\"fill: #999;color:#999\" class=\"arrow-unsorted-368013\" xmlns=\"http:\/\/www.w3.org\/2000\/svg\" width=\"10px\" height=\"10px\" viewBox=\"0 0 24 24\" version=\"1.2\" baseProfile=\"tiny\"><path d=\"M18.2 9.3l-6.2-6.3-6.2 6.3c-.2.2-.3.4-.3.7s.1.5.3.7c.2.2.4.3.7.3h11c.3 0 .5-.1.7-.3.2-.2.3-.5.3-.7s-.1-.5-.3-.7zM5.8 14.7l6.2 6.3 6.2-6.3c.2-.2.3-.5.3-.7s-.1-.5-.3-.7c-.2-.2-.4-.3-.7-.3h-11c-.3 0-.5.1-.7.3-.2.2-.3.5-.3.7s.1.5.3.7z\"\/><\/svg><\/span><\/span><\/label><input type=\"checkbox\"  id=\"ez-toc-cssicon-toggle-item-69f43a415bb55\"  aria-label=\"Toggle\" \/><nav><ul class='ez-toc-list ez-toc-list-level-1 ' ><li class='ez-toc-page-1 ez-toc-heading-level-3'><a class=\"ez-toc-link ez-toc-heading-1\" href=\"https:\/\/www.nerd-o-mania.de\/wordpress\/2024\/06\/monatsrueckblick-mai-2024\/#1_Kuehlung_mit_Anlaufproblemen\" >1. K\u00fchlung mit Anlaufproblemen..<\/a><\/li><li class='ez-toc-page-1 ez-toc-heading-level-3'><a class=\"ez-toc-link ez-toc-heading-2\" href=\"https:\/\/www.nerd-o-mania.de\/wordpress\/2024\/06\/monatsrueckblick-mai-2024\/#2_auch_Spuelmaschinen_streiken_mal_ab_und_zu\" >2. auch Sp\u00fclmaschinen streiken mal ab und zu..<\/a><\/li><li class='ez-toc-page-1 ez-toc-heading-level-3'><a class=\"ez-toc-link ez-toc-heading-3\" href=\"https:\/\/www.nerd-o-mania.de\/wordpress\/2024\/06\/monatsrueckblick-mai-2024\/#3_schnell_schneller_Lichtgeschwindigkeit\" >3. schnell, schneller, Lichtgeschwindigkeit..<\/a><\/li><li class='ez-toc-page-1 ez-toc-heading-level-3'><a class=\"ez-toc-link ez-toc-heading-4\" href=\"https:\/\/www.nerd-o-mania.de\/wordpress\/2024\/06\/monatsrueckblick-mai-2024\/#4_Und_auch_mein_Blog_wird_schneller_dank_Litespeed\" >4. Und auch mein Blog wird schneller dank Litespeed..<\/a><\/li><li class='ez-toc-page-1 ez-toc-heading-level-3'><a class=\"ez-toc-link ez-toc-heading-5\" href=\"https:\/\/www.nerd-o-mania.de\/wordpress\/2024\/06\/monatsrueckblick-mai-2024\/#5_Schoener_wird_auch_die_Veranstaltungsseite_von_mir\" >5. Sch\u00f6ner wird auch die Veranstaltungsseite von mir..<\/a><\/li><li class='ez-toc-page-1 ez-toc-heading-level-3'><a class=\"ez-toc-link ez-toc-heading-6\" href=\"https:\/\/www.nerd-o-mania.de\/wordpress\/2024\/06\/monatsrueckblick-mai-2024\/#das_%E2%80%9EFantom%E2%80%9C_ist_neuer_Mitbewohner\" >das &#8222;Fantom&#8220; ist neuer Mitbewohner..<\/a><\/li><li class='ez-toc-page-1 ez-toc-heading-level-3'><a class=\"ez-toc-link ez-toc-heading-7\" href=\"https:\/\/www.nerd-o-mania.de\/wordpress\/2024\/06\/monatsrueckblick-mai-2024\/#es_gibt_leider_auch_traurige_Dinge_zu_berichten\" >..es gibt leider auch traurige Dinge zu berichten..<\/a><\/li><\/ul><\/nav><\/div>\n\n<p style=\"text-align: justify;\">Hidiho liebe Community! Tja, damit ist der Wonnemonat Mai auch schon wieder Geschichte, wir bewegen uns auf die Mitte des Jahres zu und in wenigen Tagen <del>feier<\/del> erlebe ich schon meinen 66. Geburtstag, der mich normalerweise in die Altersrente kicken w\u00fcrde, wenn ich nicht das\u00a0 Regeleintrittsalter dank meines Arbeitgebers noch mal etwas nach hinten h\u00e4tte schieben k\u00f6nnen (<em>und damit habe ich den neuen Beitrag auch gleich mit einem meiner gleicherma\u00dfen geliebten aber auch gef\u00fcrchteten Bandwurms\u00e4tze begonnen<\/em>).<\/p>\n<p style=\"text-align: justify;\">So langsam wird&#8217;s hei\u00df in Deutschland &#8211; Dortmund bildet da keine Ausnahme. Um der W\u00e4rme in den B\u00fcros &#8211; gro\u00dffl\u00e4chige Glasfassaden sind zwar schick aber das war&#8217;s dann auch schon mit dem Sinn dahinter &#8211; wenigstens zu Hause etwas entgegen zu setzen, setzte ich in der Vergangenheit mehrere Klimager\u00e4te ein. Diese Monoger\u00e4te sind zwar flexibel und relativ einfach in Betrieb zu nehmen &#8211; Fenster auf, R\u00fcssel raus, Fenster zu und einschalten &#8211; aber sie haben auch echte Nachteile.<\/p>\n<p style=\"text-align: justify;\"><em><a href=\"https:\/\/www.nerd-o-mania.de\/wordpress\/wp-content\/uploads\/2024\/05\/defekte-Klimaanlage-800px.jpg\"><img loading=\"lazy\" decoding=\"async\" class=\"alignright wp-image-36016 size-large\" src=\"https:\/\/www.nerd-o-mania.de\/wordpress\/wp-content\/uploads\/2024\/05\/defekte-Klimaanlage-800px-393x300.jpg\" alt=\"Monatsr\u00fcckblick Mai 2024 - Klimaanlage die warme Luft erzeugt\" width=\"393\" height=\"300\" title=\"\" srcset=\"https:\/\/www.nerd-o-mania.de\/wordpress\/wp-content\/uploads\/2024\/05\/defekte-Klimaanlage-800px-393x300.jpg 393w, https:\/\/www.nerd-o-mania.de\/wordpress\/wp-content\/uploads\/2024\/05\/defekte-Klimaanlage-800px-315x240.jpg 315w, https:\/\/www.nerd-o-mania.de\/wordpress\/wp-content\/uploads\/2024\/05\/defekte-Klimaanlage-800px-768x586.jpg 768w, https:\/\/www.nerd-o-mania.de\/wordpress\/wp-content\/uploads\/2024\/05\/defekte-Klimaanlage-800px.jpg 800w\" sizes=\"auto, (max-width: 393px) 100vw, 393px\" \/><\/a>(<strong>Bild rechts:<\/strong> Klimaanlage sch\u00f6n und gut &#8211; aber nur wenn sie auch funktioniert. Ansonsten ist das nur ein extremer Stromfresser, der die Bude noch mehr aufheizt.)<\/em><\/p>\n<p style=\"text-align: justify;\">Zum einen ist da der im Vergleich zu einer Splitanlage hohe Stromverbrauch, dazu eine schlechte Effektivit\u00e4t, weil durch das ge\u00f6ffnete Fenster immer wieder W\u00e4rme von au\u00dfen ins Zimmer zur\u00fcckstr\u00f6mt.<\/p>\n<p style=\"text-align: justify;\">Zum anderen sind die Dinger echt laut und durch den Unterdruck, den die erzeugen kann schon mal der einen oder anderen Gastherme die Startflamme ausgeblasen werden. Nicht wirklich witzig, wenn einem beim bet\u00e4tigen des Lichtschalters dank eines reaktionsfreudigem Luft-Gasgemisch die Bude um die Ohren fliegt &#8211; sagen jedenfalls die wenigen \u00dcberlebenden&#8230;<\/p>\n<blockquote class=\"aligncenter \">\n<p style=\"text-align: justify;\">Sogenannte &#8222;Fenstersegel&#8220; aus einem Moskitonetz \u00e4hnlichem Gewebe, die mit Klettband verhindern sollen, dass Insektoziden, und W\u00e4rme in die Wohnung eindringen, sind eher eine Notl\u00f6sung, denn das dichte Gewebe h\u00e4lt zwar zudringliche Insekten einigerma\u00dfen zuverl\u00e4ssig ab &#8211; aber durch den Unterdruck der Klimaanlage eben leider nicht die warme Luft von au\u00dfen.. <cite>der Autor<\/cite><\/p>\n<\/blockquote>\n<p style=\"text-align: justify;\">Letztes Jahr sollte die L\u00f6sung eine Zweischlauchanlage bringen. Ich berichtete <a href=\"https:\/\/www.nerd-o-mania.de\/wordpress\/2023\/07\/zweischlauch-klimaanlage\">hier<\/a> davon. Ja, das war schon etwas besser, aber die Optik war eher zum wegsehen und das Gefummel jeden Tag mit den Schl\u00e4uchen nervte extrem. Was also tun?<\/p>\n\n\t\t<div class=\"stream-item stream-item-in-post stream-item-in-post-1\"><hr>\r\n<p style=\"text-align: center;\"> HIER FOLGT EINE WERBEANZEIGE <\/p>\r\n<script async src=\"https:\/\/pagead2.googlesyndication.com\/pagead\/js\/adsbygoogle.js?client=ca-pub-4512412109408083\"\r\n     crossorigin=\"anonymous\"><\/script>\r\n<!-- Jannah Responsiv -->\r\n<ins class=\"adsbygoogle\"\r\n     style=\"display:block\"\r\n     data-ad-client=\"ca-pub-4512412109408083\"\r\n     data-ad-slot=\"9296702764\"\r\n     data-ad-format=\"auto\"\r\n     data-full-width-responsive=\"true\"><\/ins>\r\n<script>\r\n     (adsbygoogle = window.adsbygoogle || []).push({});\r\n<\/script>\r\n<hr>\n\t\t<\/div>\n\t\n<p style=\"text-align: justify;\">Als Mieter wei\u00df man, dass der Einbau einer &#8222;richtigen&#8220; Klimaanlage, die in mehrere Ger\u00e4te aufgesplittet ist (weshalb die Dinger sinnigerweise Split-Anlagen hei\u00dfen) Mauerdurchbr\u00fcche und die Verlegung von Leitungen erfordern, vom Vermieter wegen der baulichen Ver\u00e4nderung meistens verboten werden. Und bei der VONOVIA sowieso..<\/p>\n<p style=\"text-align: justify;\"><a href=\"https:\/\/www.nerd-o-mania.de\/wordpress\/wp-content\/uploads\/2024\/05\/Split-Klimaanlage-800px.jpg\"><img loading=\"lazy\" decoding=\"async\" class=\"alignleft size-large wp-image-35959\" src=\"https:\/\/www.nerd-o-mania.de\/wordpress\/wp-content\/uploads\/2024\/05\/Split-Klimaanlage-800px-309x300.jpg\" alt=\"\" width=\"309\" height=\"300\" title=\"\"><\/a><em>(<strong>Bild links:<\/strong> eine mobile Splitanlage ist &#8211; wenn man das Teil aufstellen kann &#8211; ein toller Kompromiss zwischen einer fest verbauten leistungsf\u00e4higen Split-Anlage und einem mobilen und flexibel einsetzbarem Monoger\u00e4t. )<\/em><\/p>\n<p style=\"text-align: justify;\">Zuf\u00e4llig fand ich aber (ehrlicherweise sogar schon letztes Jahr, aber da war das Teil schon ausverkauft) eine Klimaanlage, die die Vorteile einer Splitanlage: leise im Betrieb, hohe Effizienz, Aufteilung der Komponenten in Innen- und Au\u00dfenteil, vergleichsweise geringe Energiekosten mit der eines Monoger\u00e4tes: einfache Inbetriebnahme, hohe Flexibilit\u00e4t verbinden konnte.<\/p>\n<p style=\"text-align: justify;\">Eigentlich gibt es nur ein Modell, welches von mehreren Firmen mit eigenem Branding (Beispielsweise <a href=\"https:\/\/de.trotec.com\/shop\/split-klimageraet-pac-4600.html\" target=\"_blank\" rel=\"noopener\">TROTEC<\/a>, <a href=\"https:\/\/www.remko.de\/klima\/lokale-raumklimasysteme\/rkl-dc\/\" target=\"_blank\" rel=\"noopener\">REMKO<\/a> u.a.) verkauft wird. Die anderen erh\u00e4ltlichen mobilen Split-Ger\u00e4te zielen auf den gewerblichen Bereich und haben mindestens eine fette 7 mit 3 Nullen als Einstandspreis da stehen. Da schluckt man dann erstmal &#8211; und nicht nur einmal..<\/p>\n<p style=\"text-align: justify;\">Auch das von der Firma REMKO erworbene Splitger\u00e4t war mit knapp 2.000 \u20ac kein Schn\u00e4ppchen, sondern fast dreimal so teuer wie ein Mono-Klimager\u00e4t in der ann\u00e4hernd gleichen Leistungsstufe.<\/p>\n<p style=\"text-align: justify;\">Das neue Splitger\u00e4t hat eine Leistung von 14.500 BTU (British Therm Unit) und \u00fcbertrifft selbst die leistungsst\u00e4rksten Monoger\u00e4te &#8211; die maximal 12.000 BTU K\u00fchlleistung haben &#8211; um so einiges. Dazu &#8222;k\u00e4mpft&#8220; die Anlage bauartbedingt nicht st\u00e4ndig gegen sich selbst, denn die hei\u00dfe Abluft wird nicht durch einen Schlauch nach drau\u00dfen geblasen, was daf\u00fcr sorgt, dass st\u00e4ndig warme Umgebungsluft durch den Sog nachstr\u00f6mt, sondern die W\u00e4rme wird \u00fcber das K\u00fchlmittel in einem Schlauch nach drau\u00dfen zum W\u00e4rmetauscher bef\u00f6rdert und dort an die Umgebungsluft abgegeben. Dadurch entsteht zum einen nicht der unangenehme Unterdruck und zum anderen ist die Anlage leiser, denn der deutlich h\u00f6rbare Kompressor ist im W\u00e4rmetauscher angebracht, der au\u00dferhalb der Wohnung entweder auf einer Fensterbank oder der Veranda, bzw. Balkon steht.<\/p>\n\n\t\t<div class=\"stream-item stream-item-in-post stream-item-in-post-2\"><hr>\r\n<p style=\"text-align: center;\"> HIER FOLGT EINE WERBEANZEIGE <\/p>\r\n<script async src=\"https:\/\/pagead2.googlesyndication.com\/pagead\/js\/adsbygoogle.js?client=ca-pub-4512412109408083\"\r\n     crossorigin=\"anonymous\"><\/script>\r\n<!-- Jannah Responsiv -->\r\n<ins class=\"adsbygoogle\"\r\n     style=\"display:block\"\r\n     data-ad-client=\"ca-pub-4512412109408083\"\r\n     data-ad-slot=\"9296702764\"\r\n     data-ad-format=\"auto\"\r\n     data-full-width-responsive=\"true\"><\/ins>\r\n<script>\r\n     (adsbygoogle = window.adsbygoogle || []).push({});\r\n<\/script>\r\n<hr>\n\t\t<\/div>\n\t\n<p style=\"text-align: justify;\">Die Anlieferung per Spedition erfolgte Samstags &#8211; gl\u00fccklicherweise stellt die auf sperrige G\u00fcter spezialisierte <a href=\"https:\/\/www.gel-express.de\/\" target=\"_blank\" rel=\"noopener\">Spedition GEL<\/a> an dem Tag zu. Es war auch der einzige Tag in der Woche, an dem ich sicher zuhause war.<\/p>\n<p style=\"text-align: justify;\">Relativ zeitig &#8211; um kurz nach 8:00 Uhr wurde mir die Palette geliefert. 30 \u20ac wechselten den Besitzer und 2 der 3 Fahrer hievten den Karton von der Palette und trugen den \u00e4chzend durchs Treppenhaus in meine Wohnung. Soweit so gut..<\/p>\n<p style=\"text-align: justify;\">Nachdem ich das Teil aus dem Karton und Styropor-Formteilen befreit hatte schob ich das Monstrum ins Wohnzimmer, bugsierte das in der Wohnung verbleibende Innenteil der Anlage vor das Fenster des Balkons, \u00f6ffnete das dann und hievte das zur Ableitung der W\u00e4rme gedachte Au\u00dfenteil durch die Fenster\u00f6ffnung um es auf den Balkon zu stellen.<\/p>\n<p style=\"text-align: justify;\">Mittels eines Gummibandes das straff sowohl am Fensterriegel, als auch mit dem T\u00fcrriegel der Balkont\u00fcr verbunden war, fixierte ich das Fenster auf minimales Spiel. Danach fing ich an mit wei\u00dfem Gaffer Tape das Fenster abzudichten indem ich Streifen f\u00fcr Streifen \u00fcber das vorher mit Alkohol gereinigte Kunststoff des Fensters und des Rahmens klebte. Am Ende wurde alles noch mal quer verklebt &#8211; dieser Fensterfl\u00fcgel bewegte sich keinen Millimeter mehr &#8211; da k\u00f6nnte der st\u00e4rkste Hurrikan kommen!<\/p>\n<p style=\"text-align: justify;\">Dann schaltete ich die Anlage ein &#8211; sofort erwachte das Teil zum Leben, LED&#8217;s blinkten, auf dem Display wurde die Raumtemperatur angezeigt, das Gebl\u00e4se ballerte mir einen heftigen Luftstrom ins Gesicht &#8211; und dabei blieb es dann leider auch. Ein wichtiges Kernelement einer Klimaanlage fehlte: die Luft war n\u00e4mlich nicht K\u00fchl, sondern auf Raumtemperatur.<\/p>\n<p style=\"text-align: justify;\">Jetzt wei\u00df ich als erfahrener Klimaanlagen-Benutzer, dass es ein paar Minuten braucht, bis das K\u00e4ltemittel in Verbindung mit dem Kompressor die W\u00e4rme zuverl\u00e4ssig transportiert und kalte Luft aus dem Gebl\u00e4se kommt. Doch selbst nach einer halben Stunde war die Luft immer noch auf Raumtemperatur. Mit anderen Worten: das Ding war kaputt, oder wie es bei uns in der IT hei\u00dft DOA (Dead on Arrival &#8211; <em>\u00dcbersetzt: schon bei Ankunft defekt<\/em>).<\/p>\n<p style=\"text-align: justify;\">Also setzte ich mich Sonntag hin und f\u00fcllte das auf der Webseite des Herstellers\u00a0 liegende Registrierungsformular des Ger\u00e4tes aus und schrieb eine mail an den Hersteller mit dem Fehlerbild der Klimaanlage.<\/p>\n\n\t\t<div class=\"stream-item stream-item-in-post stream-item-in-post-3\"><hr>\r\n<p style=\"text-align: center;\"> HIER FOLGT EINE WERBEANZEIGE <\/p>\r\n<script async src=\"https:\/\/pagead2.googlesyndication.com\/pagead\/js\/adsbygoogle.js?client=ca-pub-4512412109408083\"\r\n     crossorigin=\"anonymous\"><\/script>\r\n<!-- Jannah Responsiv -->\r\n<ins class=\"adsbygoogle\"\r\n     style=\"display:block\"\r\n     data-ad-client=\"ca-pub-4512412109408083\"\r\n     data-ad-slot=\"9296702764\"\r\n     data-ad-format=\"auto\"\r\n     data-full-width-responsive=\"true\"><\/ins>\r\n<script>\r\n     (adsbygoogle = window.adsbygoogle || []).push({});\r\n<\/script>\r\n<hr>\n\t\t<\/div>\n\t\n<p style=\"text-align: justify;\">Tats\u00e4chlich rief mich schon Montag Morgen um kurz vor 8:00 Uhr die Firma REMKO an und best\u00e4tigte meinen Verdacht, dass wohl K\u00e4ltemittel fehlte. Dummerweise sollte ich das Ger\u00e4t zur \u00dcberpr\u00fcfung zu denen schicken, dazu auf Palette sicher verpackt. Ich konnte also zusehen:<\/p>\n<ul>\n<li style=\"text-align: justify;\">wo ich eine Palette herbekommen (gut, ich hatte noch ein oder zwei im Keller von den Lieferungen w\u00e4hrend meiner Wohnungsrenovierung &#8211; also Haken dran..)<\/li>\n<li style=\"text-align: justify;\">wie ich das Teil dann 2 Etagen runterschleppe (das war spa\u00dfig &#8211; ich krieg jetzt noch R\u00fccken, wenn ich dran denke)<\/li>\n<li style=\"text-align: justify;\">es drau\u00dfen auf Palette transportsicher verpacke (habe daf\u00fcr bei Amazon 2 Spanngurte bestellt &#8211; hoffe, ich bekomme die wieder)<\/li>\n<li style=\"text-align: justify;\">und hoffen, dass der Spediteur den Termin einh\u00e4lt (denn wenn der nicht gekommen w\u00e4re, l\u00e4ge die Palette Nachts drau\u00dfen &#8211; ich w\u00fcrde nicht daf\u00fcr garantieren, dass die am anderen Morgen noch da liegt. Also die Palette schon, aber die Klima-Anlage sicher nicht mehr..)<\/li>\n<\/ul>\n<p style=\"text-align: justify;\">Einfacher w\u00e4re es gewesen, wenn ich selber einen Klimatechniker auf eigene Rechnung h\u00e4tte kommen lassen, der das Teil auff\u00fcllt &#8211; aber dann w\u00e4re nat\u00fcrlich die Garantie futsch. Was ist, wenn der K\u00e4ltemittelverlust durch ein defektes Bauteil oder ein Loch im K\u00fchlkreislauf entsteht? Dann kann die Reparatur richtig teuer werden. Da musste ich dann wohl leider in den sauren Apfel bei\u00dfen und das Teil an REMKO zur\u00fcckschicken. Ich hab mich gefreut wie ein Baby, das einen Teller mit Spinat vorgesetzt bekommt..<\/p>\n<p>Aber alles Lamentieren nutzt ja nix &#8211; muss ja gemacht werden..<\/p>\n<p style=\"text-align: justify;\"><a href=\"https:\/\/www.nerd-o-mania.de\/wordpress\/wp-content\/uploads\/2024\/05\/Palette-mit-Klimaanlage-800px.jpg\"><img loading=\"lazy\" decoding=\"async\" class=\"alignright size-large wp-image-36045\" src=\"https:\/\/www.nerd-o-mania.de\/wordpress\/wp-content\/uploads\/2024\/05\/Palette-mit-Klimaanlage-800px-331x300.jpg\" alt=\"\" width=\"331\" height=\"300\" title=\"\" srcset=\"https:\/\/www.nerd-o-mania.de\/wordpress\/wp-content\/uploads\/2024\/05\/Palette-mit-Klimaanlage-800px-331x300.jpg 331w, https:\/\/www.nerd-o-mania.de\/wordpress\/wp-content\/uploads\/2024\/05\/Palette-mit-Klimaanlage-800px-264x240.jpg 264w, https:\/\/www.nerd-o-mania.de\/wordpress\/wp-content\/uploads\/2024\/05\/Palette-mit-Klimaanlage-800px-768x697.jpg 768w, https:\/\/www.nerd-o-mania.de\/wordpress\/wp-content\/uploads\/2024\/05\/Palette-mit-Klimaanlage-800px.jpg 800w\" sizes=\"auto, (max-width: 331px) 100vw, 331px\" \/><\/a><em>(<strong>Bild rechts:<\/strong> Da kann sich so mancher Handelsfachpacker aber mal eine Scheibe von abschneiden &#8211; perfekt verpackt setzt die defekte Klima-Anlage zur Heimreise an den Hersteller an. Ich w\u00fcnsche eine gute Reise!)<\/em><\/p>\n<p style=\"text-align: justify;\">Gl\u00fccklicherweise kam mein Kumpel Torsten (genau mein Ungarn-Torsten) aus &#8222;Orbanien&#8220; am Wochenende zu Besuch und bevor ihn seine Eltern abholten, um ihn mit gutem deutschem Essen zu m\u00e4sten, polterten wir mit dem kaputten Teil die Stufen runter in den Keller. Dort konnte sie ein paar Tage stehen.<\/p>\n<p style=\"text-align: justify;\">Bevor ich am Dienstag morgen um kurz nach 6 Uhr Morgens zur Arbeit fuhr, war ich schon im Keller am Wuseln: Palette und passenden Pappe-Untersatz aus dem Keller geholt (da ich beim arbeiten mitdenke, hatte ich mich mit Lederhandschuhen als Splitterschutz und um keine Verbrennungen beim abrollen der Stretchfolie f\u00fcr die Palette versorgt), die Klima-Anlage die Kellertreppe hochgewuchtet, auf die bereitstehende Palette gestellt, mit der schwarzen Stretchfolie die Palette sicher verschn\u00fcrt, eine Vinylplanke als Schutz vor dem Spannband dar\u00fcber gelegt und dann mit dem Spannband und der Ratsche die Klima-Anlage auf auf der Palette rutschsicher verzurrt. Danach betrachtete ich mein Werk und f\u00fchlte mich wie Gott, bzw. ging mir der Satz in der Bibel 1.Mose durch den Kopf: &#8222;&#8220;<em>und siehe Er betrachtete sein Werk und Es war gut.<\/em>&#8220; Nur war Gott danach sicher nicht so nassgeschwitzt wie ich..<\/p>\n<h3><span class=\"ez-toc-section\" id=\"2_auch_Spuelmaschinen_streiken_mal_ab_und_zu\"><\/span>2. auch Sp\u00fclmaschinen streiken mal ab und zu..<span class=\"ez-toc-section-end\"><\/span><\/h3>\n<p style=\"text-align: justify;\">Meine Sp\u00fclmaschine trat mit der Klima-Anlage ebenfalls in den Streik. Wie bereits im vorigen Absatz geschrieben, kam Mitte des Monats mein langj\u00e4hriger Freund Torsten zu Besuch aus Ungarn. Er hatte hier ein paar private Dinge zu regeln &#8211; was lag also n\u00e4her das Wochenende mit einem M\u00e4nnerabend zu vers\u00fc\u00dfen.<\/p>\n<p style=\"text-align: justify;\">Gesagt, getan: ich bestellte per Flaschenpost ein paar s\u00fcffige Dortmunder Biersorten, machte was leckeres zu Abend und dann setzten wir uns bei herrlichem Wetter in meinen Strandkorb und f\u00fchrten mal wieder richtige M\u00e4nnergespr\u00e4che. Mit anderen Worten: wir laberten viel dummes Zeug, lachten uns scheckig und nat\u00fcrlich musste Torsten bei mir pennen, denn Autofahren ging nat\u00fcrlich nach dem Genu\u00df etlicher Hefekaltschalen nicht mehr.<\/p>\n<p style=\"text-align: justify;\"><a href=\"https:\/\/www.nerd-o-mania.de\/wordpress\/wp-content\/uploads\/2024\/06\/Spuelmaschine-Error-24-800px.jpg\"><img loading=\"lazy\" decoding=\"async\" class=\"alignright size-large wp-image-36071\" src=\"https:\/\/www.nerd-o-mania.de\/wordpress\/wp-content\/uploads\/2024\/06\/Spuelmaschine-Error-24-800px-300x300.jpg\" alt=\"\" width=\"300\" height=\"300\" title=\"\" srcset=\"https:\/\/www.nerd-o-mania.de\/wordpress\/wp-content\/uploads\/2024\/06\/Spuelmaschine-Error-24-800px-300x300.jpg 300w, https:\/\/www.nerd-o-mania.de\/wordpress\/wp-content\/uploads\/2024\/06\/Spuelmaschine-Error-24-800px-240x240.jpg 240w, https:\/\/www.nerd-o-mania.de\/wordpress\/wp-content\/uploads\/2024\/06\/Spuelmaschine-Error-24-800px-768x768.jpg 768w, https:\/\/www.nerd-o-mania.de\/wordpress\/wp-content\/uploads\/2024\/06\/Spuelmaschine-Error-24-800px.jpg 800w\" sizes=\"auto, (max-width: 300px) 100vw, 300px\" \/><\/a><em>(<strong>Bild rechts:<\/strong> &#8222;ERROR 24&#8220; &#8211; hier kann nichts mehr abgepumpt werden. Das Fummeln in Sp\u00fclmaschinen mit Essensresten ist nichts f\u00fcr zarte Gem\u00fcter &#8211; das ist mal sicher..)<\/em><\/p>\n<p style=\"text-align: justify;\">Nachdem Torsten am n\u00e4chsten Tag um die Mittagszeit von seinen Eltern abgeholt worden war, wollte ich das Geschirr-Chaos beseitigen &#8211; aber nix da! Die Maschine streikte und zeigte mir andauernd kurz nach dem Start &#8222;E 24&#8220; als Fehler-Code an.<\/p>\n<p style=\"text-align: justify;\">Google sagte mir, dass die Pumpe der Sp\u00fclmaschine ein Wehwehchen hat &#8211; netterweise gibt es genug YouTube-Videos in denen gezeigt wird, wie man an das streikende Teil im Boden der Maschine kommt. Also ging ich nach Video-Anleitung vor, fand aber im Pumpenschacht nichts, was behindert und baute alles wieder zusammen. Der Fehler blieb&#8230;<\/p>\n<p style=\"text-align: justify;\">In einem anderen Video wurde der Fehler etwas ausf\u00fchrlicher beschrieben, denn es geht nicht nur um die Pumpe, sondern der ganze Wasserweg von der Pumpe weiter durch den Abflussschlauch, bis zum Syphon-Anschluss muss \u00fcberpr\u00fcft werden. Da lag dann auch der Fehler: durch den Schlauch kam nichts am Syphon an, trotz drehender Pumpe. Irgendwo musste sich ein Pfropfen gebildet haben.<\/p>\n<p style=\"text-align: justify;\">Na gut, wenn etwas in einer Richtung nicht mehr rauskommt, dann hilft es meistens, es in die andere Richtung zu versuchen. Also setzte ich den Schlauch mit Wasser unter Druck um den Propfen in die andere Richtung zu dr\u00fccken &#8211; beim n\u00e4chsten Betrieb der Sp\u00fclmaschine sollte der sich dann aufl\u00f6sen. Gesagt &#8211; getan: 10 Minuten sp\u00e4ter startete die Sp\u00fclmaschine normal und der Fehler &#8222;E 24&#8220; trat nicht mehr auf..<\/p>\n<h3><span class=\"ez-toc-section\" id=\"3_schnell_schneller_Lichtgeschwindigkeit\"><\/span>3. schnell, schneller, Lichtgeschwindigkeit..<span class=\"ez-toc-section-end\"><\/span><\/h3>\n<p style=\"text-align: justify;\">Da f\u00e4llt mir ein Mediziner-Witz ein: Frage in der Pr\u00fcfung: &#8222;was ist das Tier mit der k\u00fcrzesten Lebenserwartung?&#8220; Antwort: &#8222;das Klistier &#8211; es macht &#8222;PFFFT&#8230;&#8220; und ist im Arsch&#8220;..<\/p>\n<p>Doch werden wir wieder ernst..<\/p>\n<p style=\"text-align: justify;\">Im Arsch war auch mein Fernsehempfang seit dem 22. April. Jetzt ist Fernsehempfang bei dem ganzen M\u00fcll, der aus den Glotzofonen daf\u00fcr sorgt, dass dumme Menschen noch d\u00fcmmer und bei intelligenten Menschen langsam aber sicher ebenfalls nur noch Entengr\u00fctze im Hirn rumschwappt, nicht auf Prio 1 bei mir.<\/p>\n\n\t\t<div class=\"stream-item stream-item-in-post stream-item-in-post-3\"><hr>\r\n<p style=\"text-align: center;\"> HIER FOLGT EINE WERBEANZEIGE <\/p>\r\n<script async src=\"https:\/\/pagead2.googlesyndication.com\/pagead\/js\/adsbygoogle.js?client=ca-pub-4512412109408083\"\r\n     crossorigin=\"anonymous\"><\/script>\r\n<!-- Jannah Responsiv -->\r\n<ins class=\"adsbygoogle\"\r\n     style=\"display:block\"\r\n     data-ad-client=\"ca-pub-4512412109408083\"\r\n     data-ad-slot=\"9296702764\"\r\n     data-ad-format=\"auto\"\r\n     data-full-width-responsive=\"true\"><\/ins>\r\n<script>\r\n     (adsbygoogle = window.adsbygoogle || []).push({});\r\n<\/script>\r\n<hr>\n\t\t<\/div>\n\t\n<p style=\"text-align: justify;\">Trotzdem gibt es einige Sender, die ich ganz gerne schaue: ZDF_neo, ARD ONE wegen den guten Krimi-Serien und Dokus und auch TELE 5, weil der Sender so herrlich trashig ist, dass das schon wieder Kult ist, wenn die strunzdoofen <a href=\"https:\/\/de.wikipedia.org\/wiki\/The_Asylum\" target=\"_blank\" rel=\"noopener\">ASYLUM Mockbuster<\/a> dort am Wochenende laufen.<\/p>\n<p style=\"text-align: justify;\">Es musste also wieder ein TV-Anschluss her, denn durch das Verbot seitens des Vermieters den Anschluss \u00fcber die Nebenkosten abzurechnen muss jetzt jeder TV-Junkie zusehen, wie er ein Signal auf sein Bilderzeugendes Endger\u00e4t bekommt. Herzlichen Gl\u00fcckwunsch!<\/p>\n<p style=\"text-align: justify;\"><a href=\"https:\/\/www.nerd-o-mania.de\/wordpress\/wp-content\/uploads\/2024\/05\/Kabelende-aus-einer-Wand-mit-hellen-Punkten.jpg\"><img loading=\"lazy\" decoding=\"async\" class=\"size-large wp-image-35999 alignleft\" src=\"https:\/\/www.nerd-o-mania.de\/wordpress\/wp-content\/uploads\/2024\/05\/Kabelende-aus-einer-Wand-mit-hellen-Punkten-300x300.jpg\" alt=\"\" width=\"300\" height=\"300\" title=\"\" srcset=\"https:\/\/www.nerd-o-mania.de\/wordpress\/wp-content\/uploads\/2024\/05\/Kabelende-aus-einer-Wand-mit-hellen-Punkten-300x300.jpg 300w, https:\/\/www.nerd-o-mania.de\/wordpress\/wp-content\/uploads\/2024\/05\/Kabelende-aus-einer-Wand-mit-hellen-Punkten-240x240.jpg 240w, https:\/\/www.nerd-o-mania.de\/wordpress\/wp-content\/uploads\/2024\/05\/Kabelende-aus-einer-Wand-mit-hellen-Punkten-768x768.jpg 768w, https:\/\/www.nerd-o-mania.de\/wordpress\/wp-content\/uploads\/2024\/05\/Kabelende-aus-einer-Wand-mit-hellen-Punkten.jpg 1024w\" sizes=\"auto, (max-width: 300px) 100vw, 300px\" \/><\/a><em>(<strong>Bild links:<\/strong> Und Gott sprach: es werde Licht! Dank Glasfaser wird Dr. Nerd bald richtig flott im Netz unterwegs sein. 250 Mbit sind schon ganz in Ordnung. und 5x so schnell wie mein bisheriger DSL-Anschluss.)<\/em><\/p>\n<p style=\"text-align: justify;\">Da mein Vermieter VONOVIA ein Schreiben mit einem Link zu Vodafone an mich geschickt hatte, da es dort besonders g\u00fcnstige Preise f\u00fcr den TV-Anschluss gibt, registrierte ich mich dort. Der Preis von knapp 7,- \u20ac im Monat erschien mir g\u00fcnstig bei der Kanalauswahl von ungef\u00e4hr 130 Sendern. Beim vorigen Lieferanten des Verdummungsmaterials schlug das mit 10,00 \u20ac zu Buche.<\/p>\n<p style=\"text-align: justify;\">Ein paar Tage sp\u00e4ter bekam ich Post und einen Registrierungscode zugesandt. Dummerweise bestand die Kundennummer bis auf die letzten 3 Stellen aus lauter X&#8217;en. Damit konnte ich nun mal nix anfangen. Da aber noch ein Brief kommen sollte, vermutete ich, dass dort die Kundennummer komplett ausgeschrieben sein w\u00fcrde.<\/p>\n<p>Der Brief kam &#8211; die Kundennummer war die gleiche: alles X&#8217;e bis auf die letzten 3 Stellen. Das half also mal so gar nix..<\/p>\n<p>Also versucht \u00fcber die Hotline die Kundennummer zu erfahren&#8230;<\/p>\n<p style=\"text-align: justify;\">Ganz ehrlich: ich hoffe, jeder verdammte Entwickler dieser sprachgef\u00fchrten Benutzerf\u00fchrung muss nach dem Ableben im Fegefeuer t\u00e4glich damit seine Portion H\u00f6llenqualen bestellen. Dr\u00fccken Sie &#8222;1&#8220; wenn sie einen gl\u00fchenden Dreizack in eine nicht daf\u00fcr gedachte K\u00f6rper\u00f6ffnung geschoben bekommen m\u00f6chten &#8211; dr\u00fccken Sie &#8222;2&#8220;, wenn Sie 10 Minuten lang gl\u00fchende Kohlen in den H\u00e4nden halten wollen &#8211; dr\u00fccken sie &#8222;3&#8220; wenn sie mit unserem Service zufrieden sind &#8211; dr\u00fccken Sie &#8222;4&#8220;, wenn Sie&#8230; &#8211; es dauerte knapp 10 Minuten bis ich endlich einen Menschen am Rohr hatte, der mich nach meinem Begehr fragte.<\/p>\n<p style=\"text-align: justify;\">Der fragte mich ob ich meine emails nicht lesen w\u00fcrde, denn der Vertrag w\u00e4re mir schon zugeschickt worden. Ich war etwas verdutzt &#8211; ich \u00fcberlegte laut: &#8222;eine mail von Vodafone? Die w\u00fcrde ich normalerweise nicht \u00fcbersehen.&#8220; &#8222;Nee..&#8220; sagte der Call Center Mitarbeiter &#8222;von Unitymedia..&#8220; Ich wei\u00df ja nicht, wie es meinen Lesern geht, aber wenn ich einen Vertrag mit Vodafone schlie\u00dfe, dann erwarte ich eine mail von Vodafone und nicht von Unitymedia. Klar war die gekommen &#8211; und wurde auch sofort in den Spam-Ordner geschoben, wie die anderen etlichen, die an dem Tag gekommen sind. Ich lese den Betreff von solch bl\u00f6dsinnigem Werbe-Schrott auch gar nicht erst.<\/p>\n\n\t\t<div class=\"stream-item stream-item-in-post stream-item-in-post-4\"><hr>\r\n<p style=\"text-align: center;\"> HIER FOLGT EINE WERBEANZEIGE <\/p>\r\n<script async src=\"https:\/\/pagead2.googlesyndication.com\/pagead\/js\/adsbygoogle.js?client=ca-pub-4512412109408083\"\r\n     crossorigin=\"anonymous\"><\/script>\r\n<!-- Jannah Responsiv -->\r\n<ins class=\"adsbygoogle\"\r\n     style=\"display:block\"\r\n     data-ad-client=\"ca-pub-4512412109408083\"\r\n     data-ad-slot=\"9296702764\"\r\n     data-ad-format=\"auto\"\r\n     data-full-width-responsive=\"true\"><\/ins>\r\n<script>\r\n     (adsbygoogle = window.adsbygoogle || []).push({});\r\n<\/script>\r\n<hr>\n\t\t<\/div>\n\t\n<p style=\"text-align: justify;\">Er schickte mir die mail nochmals zu, ich hatte die Vertragsdaten und die Kundenummer und konnte mich damit bei Vodafone registrieren. Ich kleines Dummerchen dachte, dass dann so knapp ein bis zwei Tage sp\u00e4ter ein Signal auf meinem TV angezeigt w\u00fcrde.<\/p>\n<p style=\"text-align: justify;\">Tja, das Signal war zwar da, aber es ist verschl\u00fcsselt! Wenn ich etwas sehen will, dann muss ich in den Fernseher ein CL+ Modul stecken &#8211; kostet nat\u00fcrlich extra und das Signal wird nur auf dem Fernseher entschl\u00fcsselt. Alle anderen an das TV-Kabel angeschlossene Ger\u00e4te zeigen was? Genau: NIX!<\/p>\n<p>So haben wir aber nicht gewettet liebe Vodafone-Leute..<\/p>\n<p style=\"text-align: justify;\"><a href=\"https:\/\/www.nerd-o-mania.de\/wordpress\/wp-content\/uploads\/2024\/05\/an-old-television-on-a-board-fluiding-scrapout-of-the-screen-on-the-Floor-800px.jpg\"><img loading=\"lazy\" decoding=\"async\" class=\"size-large wp-image-36007 alignright\" src=\"https:\/\/www.nerd-o-mania.de\/wordpress\/wp-content\/uploads\/2024\/05\/an-old-television-on-a-board-fluiding-scrapout-of-the-screen-on-the-Floor-800px-271x300.jpg\" alt=\"\" width=\"271\" height=\"300\" title=\"\" srcset=\"https:\/\/www.nerd-o-mania.de\/wordpress\/wp-content\/uploads\/2024\/05\/an-old-television-on-a-board-fluiding-scrapout-of-the-screen-on-the-Floor-800px-271x300.jpg 271w, https:\/\/www.nerd-o-mania.de\/wordpress\/wp-content\/uploads\/2024\/05\/an-old-television-on-a-board-fluiding-scrapout-of-the-screen-on-the-Floor-800px-217x240.jpg 217w, https:\/\/www.nerd-o-mania.de\/wordpress\/wp-content\/uploads\/2024\/05\/an-old-television-on-a-board-fluiding-scrapout-of-the-screen-on-the-Floor-800px.jpg 722w\" sizes=\"auto, (max-width: 271px) 100vw, 271px\" \/><\/a><em>(<strong>Bild rechts<\/strong>: Bei dem ganzen M\u00fcll, der aus dem Fernseher kommt, w\u00fcrde sich manches der Ger\u00e4te wahrscheinlich \u00fcbergeben &#8211; aber wenn der TV-Konsument derlei Inhalt gerne konsumiert: kein Wunder, dass die Menschheit nur noch aus Dauerverwirrten besteht. )<\/em><\/p>\n<p style=\"text-align: justify;\">Als n\u00e4chstes ging direkt ein Brief an Vodafone raus, indem ich alles k\u00fcndigte, was ich bei denen unter Vertrag habe: eine SIM-Karte, die ich eh nicht benutzt habe, der Kabel-TV-Anschluss innerhalb der 14t\u00e4gigen R\u00fccktrittsfrist und mein DSL-Anschluss, denn der wird ja auch bald zum alten Eisen geh\u00f6ren (und wenn es ein paar Tage geregnet hatte, war die \u00dcbersprechd\u00e4mpfung des Kabels dahin &#8211; was sich in st\u00e4ndigen Verbindungsabbr\u00fcchen bemerkbar machte). Ich freue mich jetzt schon auf die panischen Anrufe der Kundenr\u00fcckgewinnungsd\u00f6del..<\/p>\n<p style=\"text-align: justify;\">Stattdessen habe ich nun wesentlich schnelleres Internet mit bis zu 250 MBit\/s \u00fcber das im Haus liegende Glasfaser-Kabel von O2 geordert &#8211; inklusive TV-Programm. Das ist zwar Internet basiertes TV, aber das kann ich im Heimnetz auf allen Endger\u00e4ten anschauen und der Plex-Server kann es auch aufzeichnen. Als langj\u00e4hriger O2 Kunde zahle ich insgesamt daf\u00fcr weniger als vorher f\u00fcr die 50er DSL-Leitung von Vodafone und dem TV von der Telekom. Nur eine neue FRITZ!Box 5590 Fiber erweitert mein Netzwerk nun. Die bisher jahrelang im Einsatz gewesene DSL-FRITZ!Box 7590 wird aber trotzdem weiter als Erweiterung des Netzwerks genutzt.<\/p>\n<p style=\"text-align: justify;\">Bin mal gespannt, wie sich 250 Mbit so anf\u00fchlen &#8211; vielleicht komme ich ja in einen Internet-Geschwindigkeitsrausch&#8230;<\/p>\n<h3><span class=\"ez-toc-section\" id=\"4_Und_auch_mein_Blog_wird_schneller_dank_Litespeed\"><\/span>4. Und auch mein Blog wird schneller dank Litespeed..<span class=\"ez-toc-section-end\"><\/span><\/h3>\n<p style=\"text-align: justify;\">Mein Provider hat mir die Jahresrechnung f\u00fcr meinen Blog per mail geschickt. In der Mail stand dann als Info, dass man die schnellsten Server Deutschlands h\u00e4tte. Das wusste ich zwar, hatte aber bei den Speed-Tests mit dem google Site Kit und auf der PageSpeed Insight Testseite eher mittelm\u00e4\u00dfige Ergebnisse erzielt. Allerdings hatte ich das Seiten-Caching einem anderen WordPress Plugin \u00fcberlassen.<\/p>\n\n\t\t<div class=\"stream-item stream-item-in-post stream-item-in-post-3\"><hr>\r\n<p style=\"text-align: center;\"> HIER FOLGT EINE WERBEANZEIGE <\/p>\r\n<script async src=\"https:\/\/pagead2.googlesyndication.com\/pagead\/js\/adsbygoogle.js?client=ca-pub-4512412109408083\"\r\n     crossorigin=\"anonymous\"><\/script>\r\n<!-- Jannah Responsiv -->\r\n<ins class=\"adsbygoogle\"\r\n     style=\"display:block\"\r\n     data-ad-client=\"ca-pub-4512412109408083\"\r\n     data-ad-slot=\"9296702764\"\r\n     data-ad-format=\"auto\"\r\n     data-full-width-responsive=\"true\"><\/ins>\r\n<script>\r\n     (adsbygoogle = window.adsbygoogle || []).push({});\r\n<\/script>\r\n<hr>\n\t\t<\/div>\n\t\n<p>In der Mail war aber der Link zu einem Howto, wie man ein von LiteSpeed programmiertes Plugin f\u00fcr WordPress installiert und dort die optimalen Einstellungen trifft.<\/p>\n<p>Mehr durch Neugier probierte ich das aus und fiel echt hinten\u00fcber!<a href=\"https:\/\/www.nerd-o-mania.de\/wordpress\/wp-content\/uploads\/2024\/05\/dank-LiteSpeed-Lichtgeschwindigkeit-1000px.jpg\"><img loading=\"lazy\" decoding=\"async\" class=\"aligncenter wp-image-35971\" src=\"https:\/\/www.nerd-o-mania.de\/wordpress\/wp-content\/uploads\/2024\/05\/dank-LiteSpeed-Lichtgeschwindigkeit-1000px-528x300.jpg\" alt=\"\" width=\"768\" height=\"436\" title=\"\" srcset=\"https:\/\/www.nerd-o-mania.de\/wordpress\/wp-content\/uploads\/2024\/05\/dank-LiteSpeed-Lichtgeschwindigkeit-1000px-528x300.jpg 528w, https:\/\/www.nerd-o-mania.de\/wordpress\/wp-content\/uploads\/2024\/05\/dank-LiteSpeed-Lichtgeschwindigkeit-1000px-360x204.jpg 360w, https:\/\/www.nerd-o-mania.de\/wordpress\/wp-content\/uploads\/2024\/05\/dank-LiteSpeed-Lichtgeschwindigkeit-1000px-768x436.jpg 768w, https:\/\/www.nerd-o-mania.de\/wordpress\/wp-content\/uploads\/2024\/05\/dank-LiteSpeed-Lichtgeschwindigkeit-1000px.jpg 1000w\" sizes=\"auto, (max-width: 768px) 100vw, 768px\" \/><\/a><\/p>\n<p style=\"text-align: justify;\"><em>(<strong>Bild oben:<\/strong> Na, das ist mal ein Performance-Sprung! Von mittelm\u00e4\u00dfigen 70 &#8211; 80 % ballert der LiteSpeed Server die Webseite so schnell durch das Internet an den Leser, dass google mir 100% Leistung attestiert!)<\/em><\/p>\n<p style=\"text-align: justify;\">Das war aber mal ein Unterschied &#8211; und den merke ich selber, wenn ich einen meiner Beitr\u00e4ge aufrufe: fast im gleichen Moment ist der Beitrag auf jedem Endger\u00e4t dargestellt &#8211; egal ob Smartphone, Tablet oder PC!<\/p>\n<p style=\"text-align: justify;\">Echt! Ich bin so weg und begeistert, dass ich nur aus Spa\u00df \u00e4ltere und lange Beitr\u00e4ge aufrufe &#8211; nur um mich daran zu erfreuen und zu sehen, wie blitzschnell das caching der LiteSpeed Server funktioniert! Probiert es mal aus und sagt mir, ob ihr auch merkt, wie Rucki-Zucki jetzt meine Webseite geladen wird..<\/p>\n<h3><span class=\"ez-toc-section\" id=\"5_Schoener_wird_auch_die_Veranstaltungsseite_von_mir\"><\/span>5. Sch\u00f6ner wird auch die Veranstaltungsseite von mir..<span class=\"ez-toc-section-end\"><\/span><\/h3>\n<p style=\"text-align: justify;\">Davon profitiert auch die neue Version meines Kalender-Plugins von <a href=\"https:\/\/stachethemes.com\/calendar\/\" target=\"_blank\" rel=\"noopener\">Stachethemes<\/a>. Dieses Kalender-Plugin ist das schickste, umfangreichste und trotzdem im Rahmen der Funktionen preiswerteste Plugin um Veranstaltungen anzuzeigen. Es basiert gl\u00fccklicherweise nicht auf einem j\u00e4hrlichen Abo-Preis, sondern durch die einmalige Zahlung von knapp 70 \u20ac erwirbt man eine lebenslange Lizenz und wird zuverl\u00e4ssig mit Updates versorgt.<\/p>\n<p style=\"text-align: justify;\">Ich habe bei diesem Plugin so knapp 10 Updates verpennt und bekam letztens eine Update-Benachrichtigung von <a href=\"https:\/\/themeforest.net\/\" target=\"_blank\" rel=\"noopener\">Themeforest.net<\/a>, dass ein wichtiges Update zur Installation heruntergeladen werden sollte.<\/p>\n<p>Das Update brachte einige wirklich sehr interessante neue Features mit.<\/p>\n<p style=\"text-align: justify;\">Das ganze GUI wurde \u00fcberarbeitet und wirkt nun viel moderner und auch der Workflow um eine Veranstaltung anzulegen wurde optimiert.<\/p>\n<p style=\"text-align: justify;\"><em><a href=\"https:\/\/www.nerd-o-mania.de\/wordpress\/wp-content\/uploads\/2024\/05\/Veranstaltungskalender-im-frischen-Outfit-1000px.jpg\"><img loading=\"lazy\" decoding=\"async\" class=\"alignright size-large wp-image-36001\" src=\"https:\/\/www.nerd-o-mania.de\/wordpress\/wp-content\/uploads\/2024\/05\/Veranstaltungskalender-im-frischen-Outfit-1000px-547x300.jpg\" alt=\"\" width=\"547\" height=\"300\" title=\"\" srcset=\"https:\/\/www.nerd-o-mania.de\/wordpress\/wp-content\/uploads\/2024\/05\/Veranstaltungskalender-im-frischen-Outfit-1000px-547x300.jpg 547w, https:\/\/www.nerd-o-mania.de\/wordpress\/wp-content\/uploads\/2024\/05\/Veranstaltungskalender-im-frischen-Outfit-1000px-360x197.jpg 360w, https:\/\/www.nerd-o-mania.de\/wordpress\/wp-content\/uploads\/2024\/05\/Veranstaltungskalender-im-frischen-Outfit-1000px-768x421.jpg 768w, https:\/\/www.nerd-o-mania.de\/wordpress\/wp-content\/uploads\/2024\/05\/Veranstaltungskalender-im-frischen-Outfit-1000px.jpg 1000w\" sizes=\"auto, (max-width: 547px) 100vw, 547px\" \/><\/a>(<strong>Bild rechts:<\/strong> mein Kalender-Plugin von Stachethemes hat nach den neuesten Updates nochmal richtig nachgelegt, was die Funktionen angeht. Ich kenne keines, welches auch nur ann\u00e4hernd so viele Funktionen hat und vergleichsweise preiswert ist.)<\/em><\/p>\n<p style=\"text-align: justify;\">Dass man \u00fcbersichtlich anzeigen lassen konnte, wie lange es noch bis Veranstaltungs-Start dauert und wann es endet, ist ja schon bei vorigen Updates implementiert gewesen. Was neu hinzu gekommen ist, ist die Option in der Monatsansicht die Veranstaltungen als gekacheltes Hintergrundbild anzuzeigen. Bei mehreren Veranstaltungen am Tag wird das erste genommen, f\u00fcr das ein Beitragsbild hinterlegt worden ist.<\/p>\n\n\t\t<div class=\"stream-item stream-item-in-post stream-item-in-post-1\"><hr>\r\n<p style=\"text-align: center;\"> HIER FOLGT EINE WERBEANZEIGE <\/p>\r\n<script async src=\"https:\/\/pagead2.googlesyndication.com\/pagead\/js\/adsbygoogle.js?client=ca-pub-4512412109408083\"\r\n     crossorigin=\"anonymous\"><\/script>\r\n<!-- Jannah Responsiv -->\r\n<ins class=\"adsbygoogle\"\r\n     style=\"display:block\"\r\n     data-ad-client=\"ca-pub-4512412109408083\"\r\n     data-ad-slot=\"9296702764\"\r\n     data-ad-format=\"auto\"\r\n     data-full-width-responsive=\"true\"><\/ins>\r\n<script>\r\n     (adsbygoogle = window.adsbygoogle || []).push({});\r\n<\/script>\r\n<hr>\n\t\t<\/div>\n\t\n<p style=\"text-align: justify;\">Auch die Icons in der &#8211; wahlweise mittels Open Street Map oder google Map Api &#8211; eingebundenen Karte wurden aufgeh\u00fcbscht. Das Beitragsbild wird nun als Karten-Pin eingebunden &#8211; damit sieht man schneller, welche Veranstaltung wo stattfindet.<\/p>\n<h3><span class=\"ez-toc-section\" id=\"das_%E2%80%9EFantom%E2%80%9C_ist_neuer_Mitbewohner\"><\/span>das &#8222;Fantom&#8220; ist neuer Mitbewohner..<span class=\"ez-toc-section-end\"><\/span><\/h3>\n<p style=\"text-align: justify;\">zum Thema Veranstaltungen passt auch, dass das Roland Fantom diesen Monat in der nagelneuen EX-Version bei mir aufgeschlagen ist &#8211; aber eher aus finanziellen Gr\u00fcnden.<\/p>\n<p>Wie man bei einem Preis von knapp 3.000 \u20ac von finanziellen Gr\u00fcnden sprechen kann? Das ist in der Tat speziell..<\/p>\n<p style=\"text-align: justify;\">Schon l\u00e4nger wollte ich mir das Top-Modell aus dem Hause &#8222;Roland&#8220; g\u00f6nnen um etwas mehr im Bereich Musik machen zu k\u00f6nnen. Das YAMAHA Keyboard von mir war gut, hatte auch viele interessante Funktionen, lies sich auch \u00fcber Sound Bibliotheken als Synthy benutzen &#8211; aber es war eben auch halt ein Anf\u00e4nger-Keyboard und wirkte nicht so wertig.<\/p>\n<p style=\"text-align: justify;\">Der Preis von knapp 3 Kilo-Euro f\u00fcr das Roland Hammerteil hielt mich bisher davon ab &#8211; ja, glaubt es mir oder nicht, aber selbst ich habe nicht das finanzielle Potential jeden Monat mal so knapp 3.000 \u20ac f\u00fcr Bl\u00f6dsinn verdampfen lassen zu k\u00f6nnen.<\/p>\n<p style=\"text-align: justify;\">Eine erste Bestellung vor Monaten war ja mehr so ein Desaster: die Firma Thomann hat von Anfang bis Ende nur Murks erz\u00e4hlt: angefangen damit, dass das Paket angeblich Sperrgut sei und deshalb l\u00e4nger unterwegs w\u00e4re &#8211; dabei haben sie es lt. der DHL-App tagelang nicht verschickt, obwohl auf der Webseite stand, dass es innerhalb von 2 Tagen bei mir w\u00e4re. Nachdem das Teil \u00fcber eine Woche unterwegs war &#8211; wovon alleine schon 3 Tage daf\u00fcr drauf gingen, dass ich am dritten Tag des Pakets im Status &#8222;Auftrag wurde \u00fcbermittelt&#8220; mal Samstags angerufen hatte, wann man den vor hat das Teil endlich mal zu versenden (und es &#8211; welch Zufall, an dem Tag nachmittags endlich an DHL \u00fcbergeben wurde) &#8211; hatte ich die Annahme verweigert. Das war dann auch mein erster und letzter Kauf bei dem Laden..<\/p>\n<p style=\"text-align: justify;\">Danach war das Fantom etwas aus meinem Fokus gerutscht, bis ich mehr zuf\u00e4llig man wieder danach suchte. Es gab nun ein &#8222;neues &#8220; Modell &#8211; das &#8222;Fantom EX&#8220;, welches statt 3.000 \u20ac nun gleich mal 4.000 \u20ac kosten sollte.. HUI &#8211; das war mal ein satter Preissprung!<\/p>\n<p style=\"text-align: justify;\">Witzig dabei: das <a href=\"https:\/\/www.roland.com\/de\/promos\/fantom_ex_series\/\" target=\"_blank\" rel=\"noopener\">Fantom EX<\/a> ist das Fantom &#8211; nur mit der Softwareerweiterung auf das EX, welches als Update f\u00fcr knapp 200 \u20ac in der Roland Cloud verf\u00fcgbar ist, denn die Hardware der beiden Fantom ist absolut identisch. Besitzer eines &#8222;alten &#8220; Fantom bekamen also die EX Erweiterung f\u00fcr kleines Geld &#8211; neue Fantom-Liebhaber sollten aber mal eben so knapp 1.000 \u20ac mehr zahlen?<\/p>\n<p style=\"text-align: justify;\">Das Upgrade ist es aber absolut wert! Man bekommt als kostenloses Upgrade 3 der ber\u00fchmtesten Synthesizer, die Musik-Geschichte geschrieben haben und in der Roland Cloud gibt es noch etliche Soundpakete f\u00fcr das EX kostenlos.<\/p>\n<p style=\"text-align: justify;\">Also schnell mal geschaut, welcher Online-Shop noch ein &#8222;normales&#8220; Fantom anbietet und das mal wacker gekauft: Tats\u00e4chlich fand ich ein super Angebot f\u00fcr das Fantom 6 f\u00fcr 2.700 \u20ac bei einem H\u00e4ndler, das auch punktlich am Wochenende eintraf. Dann kurz bei Roland einen Account erstellt, das EX-Update als kostenpflichtes Update heruntergeladen &#8211; und dann war mein Fantom auch schon ein Fantom EX &#8211; und vorher kostenpflichtige Updates auf die geilsten Synthesizer der Musik-Geschichte waren kostenlos herunter zu laden und lie\u00dfen sich \u00fcber das Fantom spielen. Statt 4.000 \u20ac habe ich nun also nur 3.000 \u20ac f\u00fcr das Fantom EX bezahlt.<\/p>\n<p style=\"text-align: justify;\">Ach &#8211; und das Fantom war bei diesem Versender nicht als &#8222;Sperrgut&#8220; unterwegs, sondern war innerhalb von 2 Tagen bei mir.<\/p>\n<p style=\"text-align: justify;\">Und jetzt schaut euch mal an, was passiert, wenn man das Teil einschaltet &#8211; das ist aber mal ganz gro\u00dfes M\u00e4usekino. Und im Ernst: macht das nicht den exorbitanten Preis wett?<\/p>\n<p><span class=\"embed-youtube\" style=\"text-align:center; display: block;\"> <\/p>\n<div class=\"brlbs-cmpnt-container brlbs-cmpnt-content-blocker brlbs-cmpnt-with-individual-styles\" data-borlabs-cookie-content-blocker-id=\"youtube-content-blocker\" data-borlabs-cookie-content=\"PGlmcmFtZSBjbGFzcz0ieW91dHViZS1wbGF5ZXIiIHdpZHRoPSI2NDAiIGhlaWdodD0iMzYwIiBzcmM9Imh0dHBzOi8vd3d3LnlvdXR1YmUtbm9jb29raWUuY29tL2VtYmVkL1A5dHpiMV9QXzJrP3ZlcnNpb249MyYjMDM4O3JlbD0xJiMwMzg7c2hvd3NlYXJjaD0wJiMwMzg7c2hvd2luZm89MSYjMDM4O2l2X2xvYWRfcG9saWN5PTEmIzAzODtmcz0xJiMwMzg7aGw9ZGUtREUmIzAzODthdXRvaGlkZT0yJiMwMzg7d21vZGU9dHJhbnNwYXJlbnQiIGFsbG93ZnVsbHNjcmVlbj0idHJ1ZSIgc3R5bGU9ImJvcmRlcjowOyIgc2FuZGJveD0iYWxsb3ctc2NyaXB0cyBhbGxvdy1zYW1lLW9yaWdpbiBhbGxvdy1wb3B1cHMgYWxsb3ctcHJlc2VudGF0aW9uIGFsbG93LXBvcHVwcy10by1lc2NhcGUtc2FuZGJveCI+PC9pZnJhbWU+\">\n<div class=\"brlbs-cmpnt-cb-preset-c brlbs-cmpnt-cb-youtube\">\n<div class=\"brlbs-cmpnt-cb-thumbnail\" style=\"background-image: url('https:\/\/www.nerd-o-mania.de\/wordpress\/wp-content\/uploads\/borlabs-cookie\/1\/yt_P9tzb1_P_2k_hqdefault.jpg')\"><\/div>\n<div class=\"brlbs-cmpnt-cb-main\">\n<div class=\"brlbs-cmpnt-cb-play-button\"><\/div>\n<div class=\"brlbs-cmpnt-cb-content\">\n<p class=\"brlbs-cmpnt-cb-description\">Sie sehen gerade einen Platzhalterinhalt von <strong>YouTube<\/strong>. Um auf den eigentlichen Inhalt zuzugreifen, klicken Sie auf die Schaltfl\u00e4che unten. Bitte beachten Sie, dass dabei Daten an Drittanbieter weitergegeben werden.<\/p>\n<p> <a class=\"brlbs-cmpnt-cb-provider-toggle\" href=\"#\" data-borlabs-cookie-show-provider-information role=\"button\">Mehr Informationen<\/a> <\/div>\n<div class=\"brlbs-cmpnt-cb-buttons\"> <a class=\"brlbs-cmpnt-cb-btn\" href=\"#\" data-borlabs-cookie-unblock role=\"button\">Inhalt entsperren<\/a> <a class=\"brlbs-cmpnt-cb-btn\" href=\"#\" data-borlabs-cookie-accept-service role=\"button\" style=\"display: inherit\">Erforderlichen Service akzeptieren und Inhalte entsperren<\/a> <\/div>\n<\/p><\/div>\n<\/p><\/div>\n<\/div>\n<p><\/span><\/p>\n<p style=\"text-align: justify;\">Wer ebenfalls 1.000 \u20ac &#8222;sparen&#8220; will &#8211; beeilt euch, bevor die letzen alten Modelle weg sind &#8211; der Unterschied zwischen Fantom und Fantom EX ist nur der Schriftzug auf dem Geh\u00e4use!<\/p>\n<h3><span class=\"ez-toc-section\" id=\"es_gibt_leider_auch_traurige_Dinge_zu_berichten\"><\/span>..es gibt leider auch traurige Dinge zu berichten..<span class=\"ez-toc-section-end\"><\/span><\/h3>\n<p style=\"text-align: justify;\">Bei Veranstaltungen denkt man ja an Partys, Feiern, lachen und Spa\u00df haben. Dies trifft auf Beerdigungen leider nicht zu. Derlei Gruppenveranstaltungen meide ich soweit es geht. Werde noch fr\u00fch genug auf einer als Main Act auftreten.<\/p>\n<p style=\"text-align: justify;\">Ungl\u00fccklicherweise ist die Chance als Hauptattraktion auf so einer Veranstaltung aufzutreten umso h\u00f6her, je \u00e4lter man wird. Das wurde mir leider vor 2 Wochen vor Augen gef\u00fchrt, als die Frau eines meiner \u00e4ltesten Freunde mir \u00fcber whatsapp schrieb, dass mein Freund die Nacht pl\u00f6tzlich verstorben war.<\/p>\n\n\t\t<div class=\"stream-item stream-item-in-post stream-item-in-post-1\"><hr>\r\n<p style=\"text-align: center;\"> HIER FOLGT EINE WERBEANZEIGE <\/p>\r\n<script async src=\"https:\/\/pagead2.googlesyndication.com\/pagead\/js\/adsbygoogle.js?client=ca-pub-4512412109408083\"\r\n     crossorigin=\"anonymous\"><\/script>\r\n<!-- Jannah Responsiv -->\r\n<ins class=\"adsbygoogle\"\r\n     style=\"display:block\"\r\n     data-ad-client=\"ca-pub-4512412109408083\"\r\n     data-ad-slot=\"9296702764\"\r\n     data-ad-format=\"auto\"\r\n     data-full-width-responsive=\"true\"><\/ins>\r\n<script>\r\n     (adsbygoogle = window.adsbygoogle || []).push({});\r\n<\/script>\r\n<hr>\n\t\t<\/div>\n\t\n<p style=\"text-align: justify;\">Da kommt man ins gr\u00fcbeln, denn als ich blutjunger Fahranf\u00e4nger von 18 Lenzen war, waren wir 5 ein eingeschworenes Team. Norbert, Dieter, Klaus, Willi und ich machten so ziemlich alles miteinander. Der H\u00f6hepunkt war die Fahrt zum Nordkap hoch in einem verunfalltem VW-Bus mit Hochdach der Deutschen Post, den wir wieder ausbeulten, reparierten, neu bepinselten und eine Inneneinrichtung dort rein zimmerten.<\/p>\n<p style=\"text-align: justify;\">Danach noch eine Inspektion und Z\u00fcndkerzentausch (aber nur an 3 Zylindern &#8211; an die 4. kamen wir nicht ran), eine Palette Fertiggerichte, einen 50 Liter Ersatzkanister mit Wasser und einen 20 Liter Kanister von der Bundeswehr mit Benzin, ein paar Schlafs\u00e4cke, Klamotten zum wechseln, Seife, Zahnpasta, Zahnb\u00fcrste &#8211; und dann ging es los Richtung Norden.<\/p>\n<p style=\"text-align: justify;\">Navi? Damals gab es die faltbaren Falk-Pl\u00e4ne, die einem meistens beim aufklappen auseinanderfielen und die man dann erst wieder minutenlang richtig falten musste, wollte man das Teil wieder halbwegs knitterfrei nutzen. Interessant war das einkaufen in den Gesch\u00e4ften &#8211; wie ihr erratet gab es keine \u00dcbersetzungs-App, was das einkaufen in Superm\u00e4rkten echt zum Abenteuer machte. Wer denk bei &#8222;Jordgubbssylt&#8220; an Erdbeermarmelade? Es ging ans raten, weil man das Langenscheidt W\u00f6rterbuch &#8222;Deutsch-Schwedisch&#8220; klarerweise im Bus liegen gelassen hatte.<\/p>\n<p style=\"text-align: justify;\">Die Reise schwei\u00dfte zusammen &#8211; bis die Hormone ihre Wirkung taten und der weibliche K\u00f6rper interessanter wurde als das abendliche fahren, einmal die Woche nach Bochum, da es dort den aktuellen Perry Rhodan Roman in der dortigen Bahnhofsbuchhandlung einen Tag eher gab als in Dortmund.<\/p>\n<p style=\"text-align: justify;\">Irgendwann ging deshalb die Freundschaft auseinander &#8211; der Grund, wie bereits gesagt: <strong>WEIBSVOLK!<\/strong> Auch bekannt als das unaussprechlich B\u00f6se..<\/p>\n<p style=\"text-align: justify;\">Jahrzehntelang war quasi Funkstille, weil die Freunde den Kontakt abbrachen, wegzogen, die Kontaktdaten verloren gingen usw. in den Zeiten als es noch kein Internet, Facebook und Co. gab, war es einfach jemanden aus den Augen zu verlieren. Da reichte es schon, wenn man das Notizbuch mit den Adressen verbaselte.<\/p>\n<p style=\"text-align: justify;\">Irgendwie lief man sich aber immer mal wieder \u00fcber den Weg und sprach dann auch miteinander. Dieter laborierte als ich ihn traf an starker Diabetes, die sogar so weit f\u00fchrte, dass man ihm die Zehen amputieren musste und kollabierte knapp 1 Jahr sp\u00e4ter an Diabetes in Verbindung mit \u00dcbergewicht und Herzinfarkt.<\/p>\n<p style=\"text-align: justify;\">Klaus traf ich vor einigen Jahren zuf\u00e4llig bei meinem damaligen Hausarzt wieder, als er dort wegen einer Erk\u00e4ltung im Wartezimmer sa\u00df. Da die Chemie bei uns noch stimmte, unternahmen wir von da an wieder viel miteinander &#8211; ein halbes Jahr sp\u00e4ter wurde bei ihm Krebs diagnostiziert und ein dreiviertel Jahr sp\u00e4ter verstarb auch Klaus im Hospiz an beidseitigem Lungenkrebs.<\/p>\n<p style=\"text-align: justify;\">Norbert hatte sich, nachdem er seine erste Freundin dingfest gemacht hatte, auch komplett aus unserer F\u00fcnfer Truppe zur\u00fcckgezogen und wenn man bei ihm schellte h\u00f6rte man von seiner Mutter immer nur &#8222;Norbert schl\u00e4ft&#8220;, obwohl man ihn durchs Zimmer im Erdgescho\u00df sitzen sah. Und obwohl Norbert bis jetzt nur 2 Stra\u00dfen von mir entfernt wohnte, hatte er nie den Drang versp\u00fcrt wieder den Kontakt aufzunehmen.<\/p>\n<p style=\"text-align: justify;\">Der kam eher \u00fcber seine Frau, die ich auch noch von fr\u00fcher kannte und die Norbert dazu bringen wollte, mal aus seinem Schneckenh\u00e4uschen raus zu kommen. Das Angebot doch einfach mal zwanglos vorbei zu kommen um \u00fcber die alten Zeiten zu quatschen, nahm er aber nie an. Nun ist auch das nicht mehr m\u00f6glich, denn wie geschrieben, hat mir seine Frau mitgeteilt, dass auch Norbert gestorben ist.<\/p>\n<p>Nun sind nur noch Willi und ich \u00fcbrig. Sozusagen im Finale.. Es wird spannend zu sehen, wer als Sieger vom Platz geht, w\u00e4hrend der Verlierer 2 Meter tiefer unter selbigem liegt.<\/p>\n<p style=\"text-align: justify;\">Ja, das ist makaber und zynisch aber es nagt doch an einem, wenn man sieht, dass die Freunde und Freundinnen aus der Jugend, die auch teilweise wesentlich j\u00fcnger waren als ich (ich hatte \u00fcber die Dekaden ja auch noch mehr Freunde und auch Freundinnen) gr\u00f6\u00dftenteils schon Wurmfutter sind. Man realisiert, dass man alt ist &#8211; auch wenn man das Wissen darum gerne verdr\u00e4ngt &#8211; und wenn ich ehrlich bin: der 2. Platz ist zwar ganz nett &#8211; aber jetzt will ich auch den Pokal holen..<\/p>\n<p>Das war dann auch schon wieder der Monat Mai. War diesmal etwas l\u00e4nger &#8211; passt gut auf euch auf&#8230;<\/p>\n<p>&nbsp;<\/p>\n","protected":false},"excerpt":{"rendered":"<p>1. K\u00fchlung mit Anlaufproblemen.. Hidiho liebe Community! Tja, damit ist der Wonnemonat Mai auch schon wieder Geschichte, wir bewegen uns auf die Mitte des Jahres zu und in wenigen Tagen feier erlebe ich schon meinen 66. Geburtstag, der mich normalerweise in die Altersrente kicken w\u00fcrde, wenn ich nicht das\u00a0 Regeleintrittsalter dank meines Arbeitgebers noch mal &hellip;<\/p>\n","protected":false},"author":11,"featured_media":35975,"comment_status":"open","ping_status":"closed","sticky":false,"template":"","format":"standard","meta":{"activitypub_content_warning":"","activitypub_content_visibility":"","activitypub_max_image_attachments":4,"activitypub_interaction_policy_quote":"anyone","activitypub_status":"","footnotes":""},"categories":[3,15],"tags":[2934,155,239],"class_list":["post-35952","post","type-post","status-publish","format-standard","has-post-thumbnail","hentry","category-alltagsabenteuer","category-unterhaltung","tag-internetgeschwindigkeit","tag-klimaanlage","tag-schwitzen"],"jetpack_featured_media_url":"https:\/\/www.nerd-o-mania.de\/wordpress\/wp-content\/uploads\/2024\/05\/Monat-Mai-Beitragsbild.jpg","jetpack_likes_enabled":true,"_links":{"self":[{"href":"https:\/\/www.nerd-o-mania.de\/wordpress\/wp-json\/wp\/v2\/posts\/35952","targetHints":{"allow":["GET"]}}],"collection":[{"href":"https:\/\/www.nerd-o-mania.de\/wordpress\/wp-json\/wp\/v2\/posts"}],"about":[{"href":"https:\/\/www.nerd-o-mania.de\/wordpress\/wp-json\/wp\/v2\/types\/post"}],"author":[{"embeddable":true,"href":"https:\/\/www.nerd-o-mania.de\/wordpress\/wp-json\/wp\/v2\/users\/11"}],"replies":[{"embeddable":true,"href":"https:\/\/www.nerd-o-mania.de\/wordpress\/wp-json\/wp\/v2\/comments?post=35952"}],"version-history":[{"count":64,"href":"https:\/\/www.nerd-o-mania.de\/wordpress\/wp-json\/wp\/v2\/posts\/35952\/revisions"}],"predecessor-version":[{"id":36079,"href":"https:\/\/www.nerd-o-mania.de\/wordpress\/wp-json\/wp\/v2\/posts\/35952\/revisions\/36079"}],"wp:featuredmedia":[{"embeddable":true,"href":"https:\/\/www.nerd-o-mania.de\/wordpress\/wp-json\/wp\/v2\/media\/35975"}],"wp:attachment":[{"href":"https:\/\/www.nerd-o-mania.de\/wordpress\/wp-json\/wp\/v2\/media?parent=35952"}],"wp:term":[{"taxonomy":"category","embeddable":true,"href":"https:\/\/www.nerd-o-mania.de\/wordpress\/wp-json\/wp\/v2\/categories?post=35952"},{"taxonomy":"post_tag","embeddable":true,"href":"https:\/\/www.nerd-o-mania.de\/wordpress\/wp-json\/wp\/v2\/tags?post=35952"}],"curies":[{"name":"wp","href":"https:\/\/api.w.org\/{rel}","templated":true}]}}