{"id":38000,"date":"2025-02-17T22:26:38","date_gmt":"2025-02-17T21:26:38","guid":{"rendered":"https:\/\/www.nerd-o-mania.de\/wordpress\/?p=38000"},"modified":"2025-02-21T22:25:25","modified_gmt":"2025-02-21T21:25:25","slug":"sonntagsgedanken-wenn-die-freiheit-in-gefahr-ist-sollte-man-seinen-arsch-bewegen","status":"publish","type":"post","link":"https:\/\/www.nerd-o-mania.de\/wordpress\/2025\/02\/sonntagsgedanken-wenn-die-freiheit-in-gefahr-ist-sollte-man-seinen-arsch-bewegen\/","title":{"rendered":"Sonntagsgedanken: wenn die Freiheit in Gefahr ist, sollte man seinen Arsch bewegen!.."},"content":{"rendered":"<p style=\"text-align: justify;\">Hidiho liebe Community! Heute kommen die Sonntagsgedanken mal etwas eher, denn n\u00e4chsten Sonntag am Tag der Wahl ist es wohl zu sp\u00e4t, meinen Followern den Ernst der Lage, in der sich dieses Land befindet zu erkl\u00e4ren und n\u00e4her zu bringen! Das ist mein Ernst! <strong>LEUTE! DIE KACKE IST AM DAMPFEN!! BEWEGT DEN ARSCH INS WAHLB\u00dcRO!!\u00a0<\/strong><\/p>\n<p style=\"text-align: justify;\">Die bescheuerten und verblendeten, hasserf\u00fcllten AfD-Nazis machen das auch und jede nicht abgegebene Stimme von einem B\u00fcrger, der zu bequem ist seinen Hintern in sein Wahllokal zu schleppen, ist eine Stimme mehr auf der Waagschale, zugunsten der Braunhirne mit ihrem verqueren Gedankengut.\u00a0<\/p>\n<p style=\"text-align: justify;\">Warum sage ich das? Weil es klar ist, dass die AfD Social Media besser kann als alle anderen Parteien. Nicht weil die bessere Inhalte haben &#8211; denn das haben sie nicht, aber die sind verdammt noch mal besser organisiert &#8211; und diese scheinbar arbeitslosen Spinner sind den ganzen Tag in den sozialen Netzwerken unterwegs sind um auf allen Seiten, die anderer Meinung sind ihre Hasskommentare bis hin zu Bedrohungen abzugeben. Dadurch sch\u00fcchtern sie viele normale demokratisch w\u00e4hlende Bundesb\u00fcrger absichtlich ein, und erzeugen gewollterma\u00dfen nat\u00fcrlich ein subtiles Gef\u00fchl der \u00dcbermacht, was daf\u00fcr sorgen soll nicht zu w\u00e4hlen, weil der Ausgang der Wahl mit einem Wahlsieg der AfD ja schon klar ist. Lasst euch nicht ins Boxhorn jagen &#8211; GAR NICHTS IST ENTSCHIEDEN. ES LIEGT AN EUCH! K\u00e4mpft f\u00fcr unsere Demokratie!<\/p>\n\n\t\t<div class=\"stream-item stream-item-in-post stream-item-in-post-1\"><hr>\r\n<p style=\"text-align: center;\"> HIER FOLGT EINE WERBEANZEIGE <\/p>\r\n<script async src=\"https:\/\/pagead2.googlesyndication.com\/pagead\/js\/adsbygoogle.js?client=ca-pub-4512412109408083\"\r\n     crossorigin=\"anonymous\"><\/script>\r\n<!-- Jannah Responsiv -->\r\n<ins class=\"adsbygoogle\"\r\n     style=\"display:block\"\r\n     data-ad-client=\"ca-pub-4512412109408083\"\r\n     data-ad-slot=\"9296702764\"\r\n     data-ad-format=\"auto\"\r\n     data-full-width-responsive=\"true\"><\/ins>\r\n<script>\r\n     (adsbygoogle = window.adsbygoogle || []).push({});\r\n<\/script>\r\n<hr>\n\t\t<\/div>\n\t\n<h3>Das M\u00e4rchen vom gef\u00e4hrlichen Islamisten &#8211; Busted!<\/h3>\n<p style=\"text-align: justify;\">Seit Jahren werden islamistische Terrorangriffe zum Anla\u00df genommen um einen Grund zu haben gegen islamische Mitb\u00fcrger zu wettern. Die Presse tr\u00e4gt mit Absicht ihren Teil dazu bei, denn ein Terroranschlag bringt mehr Klicks als ein Mord durch h\u00e4usliche Gewalt und die B\u00fcrgerseeele des &#8222;guten Deutschen&#8220; kocht hoch, was sich in rassistischen Kommentaren \u00e4u\u00dfert. Warum ist das schlimm? Weil es genau die Vorgehensweise der Rechtsradikalen ist: Die Schuld bei anderen suchen &#8211; egal wie unlogisch das ist!\u00a0<\/p>\n<p style=\"text-align: justify;\">Die Bitte der Familien die Morde und Attentate nicht politisch auszuschlachten stie\u00df nat\u00fcrlich auf taube Ohren &#8211; sowohl rechts als auch halbrechts! Was in Merz&#8217;s Hirn vorging, als er die Attentate zum Anla\u00df nahm einen Alleingang gegen alle Parteien aber mit der AfD anzustreben, zeigt seine fast be\u00e4ngstigende Gier endlich Kanzler zu werden. Doch mit diesem Politiker als Kanzler &#8211; da kann man auch gleich die AfD w\u00e4hlen!\u00a0<\/p>\n<p style=\"text-align: justify;\">Eines m\u00f6chte ich mal klarstellen: Die meisten Ausl\u00e4nder, die ich kenne, wollen nur eines: hier in Frieden leben. Schon dabei werden ihnen gen\u00fcgend Steine in den Weg gelegt, denn vieles ist f\u00fcr Sie einfach schwerer als f\u00fcr einen Deutschen &#8211; da ist die schwierige Sprache und die B\u00fcrokratie &#8211; ganz abgesehen davon dass sich viele hier nicht integriert f\u00fchlen und man es Sie auch sp\u00fcren l\u00e4sst.<\/p>\n<p style=\"text-align: justify;\">Dass sich unsere Regierung beim Fl\u00fcchtlingsthema nicht mit Ruhm bekleckert hat &#8211; und dies auch immer noch nicht tut, ist traurig und diese Vers\u00e4umnisse m\u00fcssen schnellstens behoben werden: angefangen von der mangelnden Integration, Verhinderung einer Arbeitsaufnahme trotz Qualifikation, Bek\u00e4mpfung von Clan-Kriminalit\u00e4t und anderer Dinge. Nichts ist schlimmer, als diese Menschen sich selbst zu \u00fcberlassen, denn dann kommen viele auf dumme Gedanken &#8211; besonders in gr\u00f6\u00dferen Gruppen. Da sind die Parteien aufgerufen endlich ihre Hausaufgaben zu machen..<\/p>\n<p style=\"text-align: justify;\">Wenn Du glaubst, so ein Attentat ist in Deutschland der einzige Mord &#8211; vergiss das schnell mal: in Deutschland sterben knapp 100 Frauen im Jahr durch &#8222;h\u00e4usliche Gewalt&#8220; begangen durch Freunde, Ehepartner aber haupts\u00e4chlich deutsche M\u00e4nner &#8211; und in den letzten Monaten sind durch Messerattacken von Deutschen mehr Menschen get\u00f6tet worden als durch Ausl\u00e4nder. Da guckste wa?<\/p>\n<blockquote class=\"aligncenter  \"><p>\u00dcbrigens: Selbst wenn man die Relation vom Ausl\u00e4nderanteil zur deutschen Bev\u00f6lkerung zugrundelegt. sind die Ausl\u00e4nder nicht gewaltt\u00e4tiger als deutsche Mitb\u00fcrger. Aber jeder Mord von einem Menschen mit Migrationshintergrund &#8211; egal ob Fl\u00fcchtling oder hier arbeitendem nichtdeutschem B\u00fcrger wird sofort als Angriff auf Deutschland gesehen.\u00a0 <cite>der Autor<\/cite><\/p><\/blockquote>\n<p>&nbsp;<\/p>\n<p style=\"text-align: justify;\">Das wird halt nur nicht politisch so ausgeschlachtet, weil es fast allt\u00e4glich ist. Das sagt auch die Kriminalstatistik aus. Das M\u00e4rchen, dass Ausl\u00e4nder gef\u00e4hrlicher sind als Deutsche und h\u00e4ufiger auffallen stimmt nicht &#8211; liest sich aber besser und erf\u00fcllt den Zweck mit dem Finger auf andere zeigen zu k\u00f6nnen um einen Schuldigen zu haben, denn sonst m\u00fcsste man ja auch den &#8222;netten AfD-W\u00e4hler von Nebenan&#8220; als Schuldigen anklagen. Aber das w\u00e4re ja Nestbeschmutzung. Morde sind schlie\u00dflich nur dann verwerflich, wenn Sie von andersfarbigen Menschen ver\u00fcbt werden. Finde den Fehler..\u00a0<\/p>\n<h3>Die U.S.A. = ein Alliierter? Nope! Die Zeiten sind vorbei!<\/h3>\n<p style=\"text-align: justify;\">Du bist verwirrt, weil dein Feindbild des b\u00f6sen Ausl\u00e4nders br\u00f6ckelt? Halt dich fest, Es wird noch schlimmer! Zum Versuch der Spaltung dieser Demokratie kommt erschwerend hinzu, dass wir ein neues Feindbild haben &#8211; ja richtig! War es vorher einfach, denn alles was auf der Landkarte rechts war, war unser Feind, doch seit Freitag ist unser Feind offiziell nun in beiden Richtungen vorhanden: Links und Rechts!<\/p>\n<p style=\"text-align: justify;\">Die Vereinigten Staaten von Amerika k\u00f6nnen nicht mehr als unser Verb\u00fcndeter angesehen werden &#8211; das hat die Konferenz in M\u00fcnchen gezeigt. Der Auftritt des Vizepr\u00e4sidenten Vance hat gezeigt, dass er genauso zerst\u00f6rerisch in Sachen europ\u00e4ische Demokratien unterwegs ist, wie sein verwirrter Chef. Trump hat nur ein Ziel: Nicht nur die Zerst\u00f6rung der amerikanischen Demokratie (bei der er momentan auf einem guten Weg ist, das zu schaffen), sondern die Zerst\u00f6rung <strong>aller<\/strong> Demokratien, um die Welt in wenige Oligarchien und Diktaturen aufzuteilen, in denen ganz wenige viel, viel Geld\u00a0 haben und ganz ganz viele Nichts!<\/p>\n<p style=\"text-align: justify;\">Deshalb kuschelt man mit den Rechtsradikalen Parteien, denn bei denen ist dieses &#8222;Wirtschaftsmodell&#8220; Teil des Systems: arme Menschen, die am Existenzminimum rumkrebsen und von Paycheck zu Paycheck leben &#8211; immer in der Angst Arbeitslos und Einkommenslos in einem totalit\u00e4rem Staat zu werden. Ein st\u00e4ndiges leben in Angst ums \u00dcberleben macht gef\u00fcgig und die st\u00e4ndige \u00dcberwachung durch die Internetnutzung und das einlullen mit gesteuerten News entzieht den Willen zum Widerstand und erstickt den im Keim! Dass Vance ausgerechnet bei dem Gipfel ein Treffen mit der AfD-Chefin Weidel hatte (wie ja auch schon Musk), zeigt bedrohlich in welche Richtung es geht. Beide mischen sich dreist hier in den Wahlkampf um mit Propaganda-Parolen die AfD zu st\u00e4rken und sie als Opfer darzustellen.<\/p>\n<p style=\"text-align: justify;\">Dass man es in Amerika mit der Wahrheit und geltenden Gesetzen nicht so genau nimmt unter Trump, hat er bereits in den wenigen Wochen seiner Diktatur bewiesen. So langsam d\u00e4mmert den Amerikanern nach dem Freudentaumel was sie sich f\u00fcr einen &#8222;F\u00fchrer&#8220; als Pr\u00e4sident gew\u00e4hlt haben und die sozialen Medien sind aktuell voll mit heulenden vorwiegend republikanischen MAGA-Wirrk\u00f6pfen, die nun &#8222;Broke&#8220; sind, weil Sie quasi \u00fcber Nacht ihren Job verloren haben.<\/p>\n\n\t\t<div class=\"stream-item stream-item-in-post stream-item-in-post-2\"><hr>\r\n<p style=\"text-align: center;\"> HIER FOLGT EINE WERBEANZEIGE <\/p>\r\n<script async src=\"https:\/\/pagead2.googlesyndication.com\/pagead\/js\/adsbygoogle.js?client=ca-pub-4512412109408083\"\r\n     crossorigin=\"anonymous\"><\/script>\r\n<!-- Jannah Responsiv -->\r\n<ins class=\"adsbygoogle\"\r\n     style=\"display:block\"\r\n     data-ad-client=\"ca-pub-4512412109408083\"\r\n     data-ad-slot=\"9296702764\"\r\n     data-ad-format=\"auto\"\r\n     data-full-width-responsive=\"true\"><\/ins>\r\n<script>\r\n     (adsbygoogle = window.adsbygoogle || []).push({});\r\n<\/script>\r\n<hr>\n\t\t<\/div>\n\t\n<p style=\"text-align: justify;\"><a href=\"https:\/\/www.nerd-o-mania.de\/wordpress\/wp-content\/uploads\/2025\/02\/impeachment-Verfahren.jpg\"><img loading=\"lazy\" decoding=\"async\" class=\"alignleft size-large wp-image-38009\" src=\"https:\/\/www.nerd-o-mania.de\/wordpress\/wp-content\/uploads\/2025\/02\/impeachment-Verfahren-343x300.jpg\" alt=\"\" width=\"343\" height=\"300\" title=\"\" srcset=\"https:\/\/www.nerd-o-mania.de\/wordpress\/wp-content\/uploads\/2025\/02\/impeachment-Verfahren-343x300.jpg 343w, https:\/\/www.nerd-o-mania.de\/wordpress\/wp-content\/uploads\/2025\/02\/impeachment-Verfahren-275x240.jpg 275w, https:\/\/www.nerd-o-mania.de\/wordpress\/wp-content\/uploads\/2025\/02\/impeachment-Verfahren-768x671.jpg 768w, https:\/\/www.nerd-o-mania.de\/wordpress\/wp-content\/uploads\/2025\/02\/impeachment-Verfahren.jpg 1312w\" sizes=\"auto, (max-width: 343px) 100vw, 343px\" \/><\/a><em>(<strong>Bild links:<\/strong> Das ging diesmal ja fix &#8211; nicht mal 2 Monate im Amt und schon wird auf das erste Amtsentebungsverfahren von Donald Trump hingearbeitet. Da gibt es durchaus gewichtige Punkte &#8211; jetzt m\u00fcssen die Politiker sich nur einig werden und die Republikaner mitmachen. Ob das aber gelingt? Wenn es um Macht und Geld geht, traue ich den Amerikanern alles schlechte zu..)<\/em><\/p>\n<p style=\"text-align: justify;\">Es gibt auch Videos von Veteranen mit Kampferfahrung, die das Spiel von Trump durchschauen und sich in der &#8222;Resistance&#8220; befinden. Es formiert sich bereits Widerstand der auch bewaffnet ist und auch die M\u00f6glichkeit eines dritten Weltkriegs und eines erneuten amerikanischen B\u00fcrgerkriegs ist durchaus im Vokabular m\u00f6glicher Eskalation, wenn man Trump nicht rechtzeitig stoppen kann. Die Amerikaner haben die Gefahr im eigenen Land also durchaus bereits realisiert &#8211; jetzt kommt es darauf an die Gefahr wirkungsvoll zu bek\u00e4mpfen.<\/p>\n<p style=\"text-align: justify;\">Widerstand gibt es auch durch weniger kampferprobte und auch weniger gewaltbereite B\u00fcrger &#8211; seit dem 6.2.2025 l\u00e4uft bereits wieder ein Amtsenthebungsantrag, den bereits 200.000 US-Amerikaner unterschrieben haben.\u00a0 Doch so etwas dauert und solange Trump fast nach belieben unliebsame Richter, die ihm im Weg stehen aus dem Amt kickt um sie mit Strohm\u00e4nnern zu besetzen ist der Erfolg eher fraglich. Bereits in seiner ersten Amtszeit tauschte er 234 verfassungstreue Richter gegen seine eigenen aus. Ein trauriger Rekord&#8230;<\/p>\n<h3>&#8222;AMI GO HOME!&#8220; &#8211; alter Slogan, neu interpretiert..<\/h3>\n<p style=\"text-align: justify;\">Die momentan hohe Truppenkonzentration in Europa durch die amerikanischen Truppen empfinde ich in der momentanen Situation als subtile Bedrohung. Wenn jemand sich in &#8222;Star Wars&#8220; auskennt: ich erwarte t\u00e4glich, dass der Imperator Palpatin (meine nat\u00fcrlich Dikator Trump) an seine Sturmtruppen den &#8222;Code 66&#8220; ausgibt &#8211; das Signal, dass die verb\u00fcndeten Jedi-Krieger das Imperium verraten haben und get\u00f6tet werden m\u00fcssen. Ich traue ihm wirklich alles zu und zu glauben, dass die amerikanischen Soldaten diesem Befehl nicht folgen halte ich f\u00fcr illusorisch. Die tuen was man Ihnen befiehlt &#8211; es sind halt Soldaten, die nicht f\u00fcr das denken sondern f\u00fcrs k\u00e4mpfen ausgebildet wurden. Meiner Meinung nach m\u00fcssten die amerikanischen Basen augenblicklich geschlossen werden. Sollen die Amerikaner ihre Drohnenkriege ohne den Luftwaffenst\u00fctzpunkt Ramstein f\u00fchren.<\/p>\n<p style=\"text-align: justify;\">Es ist nicht f\u00fcnf vor zw\u00f6lf, sondern schon eine Minute nach zw\u00f6lf &#8211; aber Europa MUSS jetzt augenblicklich ohne lange zu schwafeln erkennen, dass es jetzt wirklich nur noch ein gro\u00dfes ganzes Europa geben muss, indem nicht jeder einzelne Interessen vertritt, sondern es eine gemeinsame Marschrichtung gibt &#8211; und eine in der im Laufschritt voran marschiert wird, denn sonst kommen wir unter die R\u00e4der von Russland und den USA. Wir m\u00fcssen als Europa so wehrhaft werden, dass ein Angriff gleich welcher Art sich f\u00fcr den Agressor ob von Ost oder von West sich nicht auszahlen wird! Es ist irgendwie traurig, dass nur Waffen daf\u00fcr sorgen, dass man sein Leben in Frieden und ohne kriegerischen Handlungen leben kann..<\/p>\n\n\t\t<div class=\"stream-item stream-item-in-post stream-item-in-post-3\"><hr>\r\n<p style=\"text-align: center;\"> HIER FOLGT EINE WERBEANZEIGE <\/p>\r\n<script async src=\"https:\/\/pagead2.googlesyndication.com\/pagead\/js\/adsbygoogle.js?client=ca-pub-4512412109408083\"\r\n     crossorigin=\"anonymous\"><\/script>\r\n<!-- Jannah Responsiv -->\r\n<ins class=\"adsbygoogle\"\r\n     style=\"display:block\"\r\n     data-ad-client=\"ca-pub-4512412109408083\"\r\n     data-ad-slot=\"9296702764\"\r\n     data-ad-format=\"auto\"\r\n     data-full-width-responsive=\"true\"><\/ins>\r\n<script>\r\n     (adsbygoogle = window.adsbygoogle || []).push({});\r\n<\/script>\r\n<hr>\n\t\t<\/div>\n\t\n<p style=\"text-align: justify;\">Aber was ist zu tun? Da gibt es einiges an Arbeit f\u00fcr die Ingenieure zu tun: Dazu m\u00fcssen \u00fcber 30 verschiedene Waffensystem koordiniert werden und massiv aufger\u00fcstet werden, denn durch die Waffenlieferungen an die Ukraine stehen wir quasi mit heruntergelassenen Hosen da. Wie zum Beweis, dass dies verstanden wurde, ballerte die Rheinmetall-Aktie (ein High Tech Panzer &#8211; Hersteller) bereits am fr\u00fchen Morgen um 13% nach oben &#8211; h\u00e4tte ich die am Anfang des Ukraine Krieges gekauft, dann w\u00e4re mein Aktien-Verm\u00f6gen nun 7 x h\u00f6her.<\/p>\n<blockquote class=\"quote-light\">\n<p style=\"text-align: justify;\">Ich hatte Skrupel und lieber in NOVO NORDIK-Aktien investiert. Der Hersteller von Insulin, ebenso wie von dem Diabetespr\u00e4parat Ozempic und dem Abnehm-Mittel Wegovy. Ich war der Meinung, dass etwas was Menschen hilft einen steigenden Wert hat. Dumm gelaufen &#8211; meine Aktie ist erbarmungslos abgekackt! Traurig, dass es umgekehrt ist und man durch das Leid und den Tod anderer Menschen reich werden kann. Aber vielleicht unterscheidet mich dieser Skrupel von Menschen wie Trump und Musk.<\/p>\n<\/blockquote>\n<p style=\"text-align: justify;\"><em>Dieser Text ist ein Weckruf des Autors und er hofft, dass er (also der Text &#8211; nicht der Autor) in der kurzen Zeit bis zur Wahl am Sonntag noch h\u00e4ufig gelesen und geteilt wird. Bitte lieber Leser &#8211; tue es nicht f\u00fcr den Autor. Tue es f\u00fcr dieses Land und zeige, dass Rechtsextremismus und Dikatatoren dieses Land nicht in eine Vergangenheit st\u00fcrzen, von der unsere Eltern und Grosseltern sagten &#8222;NIEMALS WIEDER&#8220;&#8230;Und wer unsicher ist, welche Partei man w\u00e4hlen soll &#8211; es gibt den &#8222;Wahlomat&#8220; Ausgabe 2025. Dort wird Dir anhand eines kurzen Fragebogens mit knapp 30 Fragen als Ergebnis die Partei angezeigt, die deinen W\u00fcnschen f\u00fcr die politische Entwicklung in Deutschland am ehesten ewntspricht. Damit gilt: Ausreden nicht zur Wahl zu gehen, gibt es nicht! <strong>ALSO BEWEG DEINEN ARSCH! GEH W\u00c4HLEN!<\/strong><\/em><\/p>\n","protected":false},"excerpt":{"rendered":"<p>Hidiho liebe Community! Heute kommen die Sonntagsgedanken mal etwas eher, denn n\u00e4chsten Sonntag am Tag der Wahl ist es wohl zu sp\u00e4t, meinen Followern den Ernst der Lage, in der sich dieses Land befindet zu erkl\u00e4ren und n\u00e4her zu bringen! Das ist mein Ernst! LEUTE! DIE KACKE IST AM DAMPFEN!! BEWEGT DEN ARSCH INS WAHLB\u00dcRO!!\u00a0 &hellip;<\/p>\n","protected":false},"author":11,"featured_media":38012,"comment_status":"open","ping_status":"closed","sticky":false,"template":"","format":"standard","meta":{"activitypub_content_warning":"","activitypub_content_visibility":"","activitypub_max_image_attachments":4,"activitypub_interaction_policy_quote":"anyone","activitypub_status":"","footnotes":""},"categories":[11,879],"tags":[2997,2994,544,2995,2996],"class_list":["post-38000","post","type-post","status-publish","format-standard","has-post-thumbnail","hentry","category-nachrichten-und-politik","category-sonntagsgedanken","tag-fcktrmp","tag-noafd","tag-bundestagswahl","tag-demokratie","tag-menschenrechte"],"jetpack_featured_media_url":"https:\/\/www.nerd-o-mania.de\/wordpress\/wp-content\/uploads\/2025\/02\/Wahlaufforderung-Beitragsbild.jpg","jetpack_likes_enabled":true,"_links":{"self":[{"href":"https:\/\/www.nerd-o-mania.de\/wordpress\/wp-json\/wp\/v2\/posts\/38000","targetHints":{"allow":["GET"]}}],"collection":[{"href":"https:\/\/www.nerd-o-mania.de\/wordpress\/wp-json\/wp\/v2\/posts"}],"about":[{"href":"https:\/\/www.nerd-o-mania.de\/wordpress\/wp-json\/wp\/v2\/types\/post"}],"author":[{"embeddable":true,"href":"https:\/\/www.nerd-o-mania.de\/wordpress\/wp-json\/wp\/v2\/users\/11"}],"replies":[{"embeddable":true,"href":"https:\/\/www.nerd-o-mania.de\/wordpress\/wp-json\/wp\/v2\/comments?post=38000"}],"version-history":[{"count":24,"href":"https:\/\/www.nerd-o-mania.de\/wordpress\/wp-json\/wp\/v2\/posts\/38000\/revisions"}],"predecessor-version":[{"id":38029,"href":"https:\/\/www.nerd-o-mania.de\/wordpress\/wp-json\/wp\/v2\/posts\/38000\/revisions\/38029"}],"wp:featuredmedia":[{"embeddable":true,"href":"https:\/\/www.nerd-o-mania.de\/wordpress\/wp-json\/wp\/v2\/media\/38012"}],"wp:attachment":[{"href":"https:\/\/www.nerd-o-mania.de\/wordpress\/wp-json\/wp\/v2\/media?parent=38000"}],"wp:term":[{"taxonomy":"category","embeddable":true,"href":"https:\/\/www.nerd-o-mania.de\/wordpress\/wp-json\/wp\/v2\/categories?post=38000"},{"taxonomy":"post_tag","embeddable":true,"href":"https:\/\/www.nerd-o-mania.de\/wordpress\/wp-json\/wp\/v2\/tags?post=38000"}],"curies":[{"name":"wp","href":"https:\/\/api.w.org\/{rel}","templated":true}]}}