{"id":40285,"date":"2026-01-01T14:50:21","date_gmt":"2026-01-01T13:50:21","guid":{"rendered":"https:\/\/www.nerd-o-mania.de\/wordpress\/?p=40285"},"modified":"2026-01-01T19:03:43","modified_gmt":"2026-01-01T18:03:43","slug":"monatsrueckblick-dezember-2025","status":"publish","type":"post","link":"https:\/\/www.nerd-o-mania.de\/wordpress\/2026\/01\/monatsrueckblick-dezember-2025\/","title":{"rendered":"Monatsr\u00fcckblick Dezember 2025: ich habe fertig &#8211; definitiv&#8230;"},"content":{"rendered":"<h2><span class=\"ez-toc-section\" id=\"Monatsrueckblick_Dezember_2025_und_Jahresrueckblick_2025_%E2%80%93_ich_habe_fertig%E2%80%A6\"><\/span>Monatsr\u00fcckblick Dezember 2025 und Jahresr\u00fcckblick 2025 &#8211; ich habe fertig&#8230;<span class=\"ez-toc-section-end\"><\/span><\/h2><div id=\"ez-toc-container\" class=\"ez-toc-v2_0_82_2 ez-toc-wrap-left counter-hierarchy ez-toc-counter ez-toc-custom ez-toc-container-direction\">\n<p class=\"ez-toc-title\" style=\"cursor:inherit\">Beitragsinhalt<\/p>\n<label for=\"ez-toc-cssicon-toggle-item-69f43a40c8e21\" class=\"ez-toc-cssicon-toggle-label\"><span class=\"ez-toc-cssicon\"><span class=\"eztoc-hide\" style=\"display:none;\">Toggle<\/span><span class=\"ez-toc-icon-toggle-span\"><svg style=\"fill: #999;color:#999\" xmlns=\"http:\/\/www.w3.org\/2000\/svg\" class=\"list-377408\" width=\"20px\" height=\"20px\" viewBox=\"0 0 24 24\" fill=\"none\"><path d=\"M6 6H4v2h2V6zm14 0H8v2h12V6zM4 11h2v2H4v-2zm16 0H8v2h12v-2zM4 16h2v2H4v-2zm16 0H8v2h12v-2z\" fill=\"currentColor\"><\/path><\/svg><svg style=\"fill: #999;color:#999\" class=\"arrow-unsorted-368013\" xmlns=\"http:\/\/www.w3.org\/2000\/svg\" width=\"10px\" height=\"10px\" viewBox=\"0 0 24 24\" version=\"1.2\" baseProfile=\"tiny\"><path d=\"M18.2 9.3l-6.2-6.3-6.2 6.3c-.2.2-.3.4-.3.7s.1.5.3.7c.2.2.4.3.7.3h11c.3 0 .5-.1.7-.3.2-.2.3-.5.3-.7s-.1-.5-.3-.7zM5.8 14.7l6.2 6.3 6.2-6.3c.2-.2.3-.5.3-.7s-.1-.5-.3-.7c-.2-.2-.4-.3-.7-.3h-11c-.3 0-.5.1-.7.3-.2.2-.3.5-.3.7s.1.5.3.7z\"\/><\/svg><\/span><\/span><\/label><input type=\"checkbox\"  id=\"ez-toc-cssicon-toggle-item-69f43a40c8e21\"  aria-label=\"Toggle\" \/><nav><ul class='ez-toc-list ez-toc-list-level-1 ' ><li class='ez-toc-page-1 ez-toc-heading-level-2'><a class=\"ez-toc-link ez-toc-heading-1\" href=\"https:\/\/www.nerd-o-mania.de\/wordpress\/2026\/01\/monatsrueckblick-dezember-2025\/#Monatsrueckblick_Dezember_2025_und_Jahresrueckblick_2025_%E2%80%93_ich_habe_fertig%E2%80%A6\" >Monatsr\u00fcckblick Dezember 2025 und Jahresr\u00fcckblick 2025 &#8211; ich habe fertig&#8230;<\/a><ul class='ez-toc-list-level-3' ><li class='ez-toc-heading-level-3'><a class=\"ez-toc-link ez-toc-heading-2\" href=\"https:\/\/www.nerd-o-mania.de\/wordpress\/2026\/01\/monatsrueckblick-dezember-2025\/#Es_gibt_gute_Nachrichten_Mit_Donald_geht_es_rapide_den_Bach_runter\" >Es gibt gute Nachrichten: Mit Donald geht es rapide den Bach runter!<\/a><\/li><li class='ez-toc-page-1 ez-toc-heading-level-3'><a class=\"ez-toc-link ez-toc-heading-3\" href=\"https:\/\/www.nerd-o-mania.de\/wordpress\/2026\/01\/monatsrueckblick-dezember-2025\/#CDU_oder_AFD_sag_mir_was_Du_waehlst_und_ich_sage_Dir_welche_Art_Nazi_Du_bist\" >CDU oder AFD: sag mir was Du w\u00e4hlst und ich sage Dir welche Art Nazi Du bist..<\/a><\/li><li class='ez-toc-page-1 ez-toc-heading-level-3'><a class=\"ez-toc-link ez-toc-heading-4\" href=\"https:\/\/www.nerd-o-mania.de\/wordpress\/2026\/01\/monatsrueckblick-dezember-2025\/#Danke_der_Nachfrage_%E2%80%93_mir_gehts_gut_mein_Zynismus_funktioniert_noch%E2%80%A6\" >Danke der Nachfrage &#8211; mir geht&#8217;s gut (mein Zynismus funktioniert noch)&#8230;<\/a><\/li><li class='ez-toc-page-1 ez-toc-heading-level-3'><a class=\"ez-toc-link ez-toc-heading-5\" href=\"https:\/\/www.nerd-o-mania.de\/wordpress\/2026\/01\/monatsrueckblick-dezember-2025\/#Statt_der_Gans_die_goldene_Eier_legt_%E2%80%93_eine_Gans_aus_purem_Gold\" >Statt der Gans die goldene Eier legt &#8211; eine Gans aus purem Gold..<\/a><\/li><li class='ez-toc-page-1 ez-toc-heading-level-3'><a class=\"ez-toc-link ez-toc-heading-6\" href=\"https:\/\/www.nerd-o-mania.de\/wordpress\/2026\/01\/monatsrueckblick-dezember-2025\/#Sinnvolle_Beschaeftigung_Wie_waere_es_mal_mit_Aufraeumen\" >Sinnvolle Besch\u00e4ftigung? Wie w\u00e4re es mal mit Aufr\u00e4umen?<\/a><\/li><\/ul><\/li><\/ul><\/nav><\/div>\n\n<p style=\"text-align: justify;\">Hidiho liebe Community! Willkommen zum Monatsr\u00fcckblick Dezember 2025, der auch gleichzeitig ein Jahresr\u00fcckblick auf das verfi&amp;%.. Jahr 2025 ist. Zuerst wollte ich ja wie es bei unserer\/unserem jeweiligem\/jeweiliger Bundeskanzler\/in Usus ist, einen aus einem Altkleider-Container gezockten Business-Blazer anziehen und mit einem von einer Visagistin in stundenlanger Arbeit die Falten aus dem Gesicht gekl\u00f6ppelten Antlitz &#8211; in einem mit Kerzen geschm\u00fccktem und nur halbdunkel beleuchtetem Ambiente &#8211; eine mit heruntergezogenen Mundwinkeln genuschelte Videobotschaft mit der Einstimmung auf noch schlechtere Zeiten hier herunterbeten.<\/p>\n<p style=\"text-align: justify;\">Naja, ich lasse das dann doch lieber. Dass die Zeiten momentan auf diesem Planeten beschissen sind, kriegen wir min\u00fctlich in den Nachrichten mit. Also halt! Man(n) muss nat\u00fcrlich relativieren. Das betrifft alle meine Leser &#8211; sowie mich &#8211; denn richtig gut hat man es ja nur, wenn man einer der paar wenigen Superreichen ist, wozu keiner meiner Abonnenten geh\u00f6rt (vermute ich jedenfalls). Falls aber zuf\u00e4llig eine superreiche Leserin unter meinen Abonnenten ist: <strong>ICH BIN GRADE ZU HABEN!! <\/strong><span style=\"font-size: 8pt;\"><sub>(und nur ein ganz klein bi\u00dfchen Geldgierig &#8211; meine Ausgaben von deiner Kreditkarte merkst Du kaum..)<\/sub><\/span><\/p>\n<h3><span class=\"ez-toc-section\" id=\"Es_gibt_gute_Nachrichten_Mit_Donald_geht_es_rapide_den_Bach_runter\"><\/span>Es gibt gute Nachrichten: Mit Donald geht es rapide den Bach runter!<span class=\"ez-toc-section-end\"><\/span><\/h3>\n<p style=\"text-align: justify;\">Aber immerhin, der Orangefarbene Clown auf der anderen Seite des gro\u00dfen Meeres bekommt aktuell sogar ziemlichen Gegenwind aus seiner eigenen Partei. Eine der h\u00e4rtesten Gefolgsleute <a href=\"https:\/\/www.t-online.de\/nachrichten\/ausland\/usa\/id_101035214\/marjorie-taylor-greene-enthuellt-republikaner-laestern-trump-reagiert.html\" target=\"_blank\" rel=\"noopener\">Marjorie Taylor Greene<\/a> (total durchgeknallt &#8211; aber SO durchgeknallt, dass sie kein Gewissen mehr hat, dann doch nicht) hat ihm ganz offen den R\u00fccken gekehrt und plaudert ganz unverbl\u00fcmt aus dem N\u00e4hk\u00e4stchen. Es bleibt abzuwarten, ob das nur politisches Taktieren ist oder ob sich tats\u00e4chlich bei einigen Republikaneren so langsam Gewissensbisse regen. Selbst die Kommentatoren seines Haus und Hof-Senders FOX News wagen es Trummy-Dummy zu kritisieren &#8211; noch vor wenigen Monaten w\u00e4re dass das Karriereende des kritischen\u00a0 Journalisten gewesen.<\/p>\n<p style=\"text-align: justify;\"><a href=\"https:\/\/www.nerd-o-mania.de\/wordpress\/wp-content\/uploads\/2026\/01\/Steckdosenleisten-900px.jpg\"><img loading=\"lazy\" decoding=\"async\" class=\"alignleft size-large wp-image-40392\" src=\"https:\/\/www.nerd-o-mania.de\/wordpress\/wp-content\/uploads\/2026\/01\/Steckdosenleisten-900px-402x300.jpg\" alt=\"\" width=\"402\" height=\"300\" title=\"\" srcset=\"https:\/\/www.nerd-o-mania.de\/wordpress\/wp-content\/uploads\/2026\/01\/Steckdosenleisten-900px-402x300.jpg 402w, https:\/\/www.nerd-o-mania.de\/wordpress\/wp-content\/uploads\/2026\/01\/Steckdosenleisten-900px-321x240.jpg 321w, https:\/\/www.nerd-o-mania.de\/wordpress\/wp-content\/uploads\/2026\/01\/Steckdosenleisten-900px-768x573.jpg 768w, https:\/\/www.nerd-o-mania.de\/wordpress\/wp-content\/uploads\/2026\/01\/Steckdosenleisten-900px.jpg 900w\" sizes=\"auto, (max-width: 402px) 100vw, 402px\" \/><\/a><em>(<\/em><strong><em>Bild links: <\/em><\/strong><em>Steckdosenleisten und Donald Trump? Ja, diese Leisten bekommen sp\u00e4ter im Beitrag einen Bezug zum Inhalt. Hier an dieser Stelle k\u00f6nnte aber vielleicht die Lampe eingesteckt werden, die endlich mal ein Licht in Donalds Hirn aufleuchten l\u00e4sst.)<\/em><\/p>\n<p style=\"text-align: justify;\">Die st\u00e4ndigen L\u00fcgen von &#8222;H\u00e4uptling Donald, der mit gespaltener Zunge spricht&#8220; um ihn mal mit seinem indianischen Namen anzusprechen, funktionieren nicht mehr &#8211; jedenfalls nicht mehr so uneingeschr\u00e4nkt. Die Arbeitslosigkeit ist so hoch wie schon lange nicht mehr, daf\u00fcr steigen die Preise unaufh\u00f6rlich. Da kann er noch so sehr abstreiten, dass es keine Inflation gibt und die Reporterin, die es gewagt hat mit dieser Frage Majest\u00e4tsbeleidigung zu begehen, als &#8222;Piggy&#8220; titulieren. Dieses Verhalten zeigt nur seinen niederen Charakter, der eines Staatsmannes unw\u00fcrdig sind. Aber Hey &#8211; seien wir ehrlich: Das wussten wir doch alle, oder nicht?<\/p>\n<p style=\"text-align: justify;\">Fakt ist: Die Amerikaner merken es ganz real in der B\u00f6rse und auf dem Konto, dass vom verprochenen Wohlstand keine Rede sein kann. Au\u00dfer man geh\u00f6rt zu den wenigen superreichen Auserw\u00e4hlten, denen Trump die Klosch\u00fcsseln vergoldet hat, wie es vor einigen Jahrzehnten ein Diktator namens Idi Amin in Afrika vorgemacht hatte.<\/p>\n<p style=\"text-align: justify;\">Dass bei ihm im Oberst\u00fcbchen nicht mehr alles richtig tickt, zeigt sein absolut \u00fcberfl\u00fcssiger und verschwenderischer Umbau des wei\u00dfen Hauses, das er ja nur noch maximal 3 Jahre bewohnt &#8211; dann kann er nicht wiedergew\u00e4hlt werden &#8211; au\u00dfer die Verfassung wird ge\u00e4ndert, doch da wird wohl sogar bei den Republikanern momentan ein Veto erfolgen. Architekt und Crew haben mittlerweile hingeschmissen und wenn der geistig nicht mehr so ganz fitte Donny-Boy seinen Zerst\u00f6rungswahn weiter auslebt, wird der n\u00e4chste Pr\u00e4sident mit seiner First Lady das wei\u00dfe Haus in dem Zustand vorfinden wie Tom Hanks und Shelly Long in dem Film &#8222;Geschenkt ist noch zu teuer&#8220;..<\/p>\n<p><span class=\"embed-youtube\" style=\"text-align:center; display: block;\"> <\/p>\n<div class=\"brlbs-cmpnt-container brlbs-cmpnt-content-blocker brlbs-cmpnt-with-individual-styles\" data-borlabs-cookie-content-blocker-id=\"youtube-content-blocker\" data-borlabs-cookie-content=\"PGlmcmFtZSBjbGFzcz0ieW91dHViZS1wbGF5ZXIiIHdpZHRoPSI2NDAiIGhlaWdodD0iMzYwIiBzcmM9Imh0dHBzOi8vd3d3LnlvdXR1YmUtbm9jb29raWUuY29tL2VtYmVkLzcxeklKczM4cmhNP3ZlcnNpb249MyYjMDM4O3JlbD0xJiMwMzg7c2hvd3NlYXJjaD0wJiMwMzg7c2hvd2luZm89MSYjMDM4O2l2X2xvYWRfcG9saWN5PTEmIzAzODtmcz0xJiMwMzg7aGw9ZGUtREUmIzAzODthdXRvaGlkZT0yJiMwMzg7d21vZGU9dHJhbnNwYXJlbnQiIGFsbG93ZnVsbHNjcmVlbj0idHJ1ZSIgc3R5bGU9ImJvcmRlcjowOyIgc2FuZGJveD0iYWxsb3ctc2NyaXB0cyBhbGxvdy1zYW1lLW9yaWdpbiBhbGxvdy1wb3B1cHMgYWxsb3ctcHJlc2VudGF0aW9uIGFsbG93LXBvcHVwcy10by1lc2NhcGUtc2FuZGJveCI+PC9pZnJhbWU+\">\n<div class=\"brlbs-cmpnt-cb-preset-c brlbs-cmpnt-cb-youtube\">\n<div class=\"brlbs-cmpnt-cb-thumbnail\" style=\"background-image: url('https:\/\/www.nerd-o-mania.de\/wordpress\/wp-content\/uploads\/borlabs-cookie\/1\/yt_71zIJs38rhM_hqdefault.jpg')\"><\/div>\n<div class=\"brlbs-cmpnt-cb-main\">\n<div class=\"brlbs-cmpnt-cb-play-button\"><\/div>\n<div class=\"brlbs-cmpnt-cb-content\">\n<p class=\"brlbs-cmpnt-cb-description\">Sie sehen gerade einen Platzhalterinhalt von <strong>YouTube<\/strong>. Um auf den eigentlichen Inhalt zuzugreifen, klicken Sie auf die Schaltfl\u00e4che unten. Bitte beachten Sie, dass dabei Daten an Drittanbieter weitergegeben werden.<\/p>\n<p> <a class=\"brlbs-cmpnt-cb-provider-toggle\" href=\"#\" data-borlabs-cookie-show-provider-information role=\"button\">Mehr Informationen<\/a> <\/div>\n<div class=\"brlbs-cmpnt-cb-buttons\"> <a class=\"brlbs-cmpnt-cb-btn\" href=\"#\" data-borlabs-cookie-unblock role=\"button\">Inhalt entsperren<\/a> <a class=\"brlbs-cmpnt-cb-btn\" href=\"#\" data-borlabs-cookie-accept-service role=\"button\" style=\"display: inherit\">Erforderlichen Service akzeptieren und Inhalte entsperren<\/a> <\/div>\n<\/p><\/div>\n<\/p><\/div>\n<\/div>\n<p><\/span><\/p>\n<p style=\"text-align: justify;\">Weil jeder, der ihn kritisiert sein Feind ist, und er seinen Hass auf alles, was nicht seiner Meinung ist, nicht im Griff hat, d\u00fcrfen wir uns darauf einstellen, dass er so weitermacht &#8211; was gut ist, denn seine Umfragewerte sind katastrophal und st\u00fcrzen in Windeseile ab. Er wird mit Gl\u00fcck nicht mal mehr die h\u00e4rtesten MAGA-Dumpfbirnen zu einem Staatsstreich aquirieren k\u00f6nnen, um weiter seine menschenverachtende Politik f\u00fcr seine geliebten Superreichen machen zu k\u00f6nnen. Es steht auch zu erwarten, dass die Demokraten diesmal auf so eine Nummer vorbereitet ist und dementsprechend reagieren.<\/p>\n<p style=\"text-align: justify;\">Die bald anstehenden Midterms-Wahlen werden bereits zeigen in welche Richtung es geht und da selbst \u00fcberwiegend republikanisch w\u00e4hlende und regierte Staaten sich weigern die Wahlkreisgrenzen zugrunde von Donald Trump zu verschieben um die Wahlergebnisse in Richtung Donald Trump zu verbessern (das hat mit dem amerikanischem Wahlsystem der Wahlm\u00e4nner zu tun), zeigt, dass der Glorienschein vom orangefarbenen Deppen im wei\u00dfen Haus nur noch glimmt wie ein abgebranntes Streichholz und man froh ist, wenn dieser Fiebertraum des schlechtesten jemals gew\u00e4hlten Pr\u00e4sidenten der USA endlich vorbei ist.<\/p>\n<h3><span class=\"ez-toc-section\" id=\"CDU_oder_AFD_sag_mir_was_Du_waehlst_und_ich_sage_Dir_welche_Art_Nazi_Du_bist\"><\/span>CDU oder AFD: sag mir was Du w\u00e4hlst und ich sage Dir welche Art Nazi Du bist..<span class=\"ez-toc-section-end\"><\/span><\/h3>\n<p style=\"text-align: justify;\">Amerika hat mit einem M\u00f6chtegern-Diktator zu k\u00e4mpfen, der gerne alle Ausl\u00e4nder (egal ob illegal eingereist oder nicht) am liebsten aus dem Land schmeissen w\u00fcrde &#8211; und das durch seine menschenrechtsverletztende ICE-Truppe &#8211; die man als moderne SA einstufen k\u00f6nnte &#8211; auch tut. In Deutschland wird dieses Nazi-Gedankengut leider auch hoff\u00e4hig &#8211; und das nicht nur von der ganz offen fremdenfeindlichen AfD, sondern immer st\u00e4rker auch von der CDU &#8211; vertreten durch den von Ehrgeiz zerfressenen Friedrich Merz.<\/p>\n<p style=\"text-align: justify;\">Das Problem, welches die scheinbar empathie &#8211; und gewissenlosen CDUler in den h\u00f6heren R\u00e4ngen nicht erkennen wollen ist, dass Merz einen grottenschlechten Kanzler abgibt, der keinen R\u00fcckhalt bei den B\u00fcrgern hat. Zu Punkten indem er ausl\u00e4nderfeindliche Parolen hinausposaunt um den W\u00e4hlern aus der Seele zu sprechen erreicht nur das Gegenteil bei den W\u00e4hlern, die von der SPD zur CDU gewechselt sind: Man kann mit der Wirtschaftspolitischen Richtung der SPD uneins sein &#8211; in Sachen Menschenrecht ist hier noch nicht alles verloren.<\/p>\n<p style=\"text-align: justify;\">Wenn man mit der aktuellen Regierung, den zunehmend fremdenfeindliche \u00c4u\u00dferungen aus dem Maul quillen und die klar rechte Tendenzen hat, unzufrieden ist, dann kann man auch gleich &#8222;das Original&#8220; AfD und deren <a href=\"https:\/\/www.welt.de\/politik\/deutschland\/video6941ad4a11416590a630d57f\/insa-ranking-weidel-beliebteste-politikerin-sie-profitiert-vom-kanzlerfrust.html\" target=\"_blank\" rel=\"noopener\">lt. Welt beliebteste Politikerin<\/a> in Person von Alice Weidel als Vorsitzende w\u00e4hlen.<\/p>\n<p style=\"text-align: justify;\">Nun ist &#8222;die Welt&#8220;, die wie die Bild-Zeitung zum Axel-Springer-Verlag geh\u00f6rt, nicht unbedingt das Paradebeispiel neutraler Berichterstattung &#8211; die <a href=\"https:\/\/de.statista.com\/statistik\/daten\/studie\/1817\/umfrage\/noten-fuer-spitzenpolitiker\/\" target=\"_blank\" rel=\"noopener\">Statistik der seri\u00f6seren Webseite &#8222;Statista&#8220;<\/a> hat da etwas andere Zahlen, doch wer macht sich schon die M\u00fche dort zu recherchieren. Falsche (oder nennen wir es wohlwollend: statistisch kreativ anders berechnete) Behauptungen m\u00fcssen nur laut und oft genug durch die Presse und sozialen Medien gepeitscht werden und schon ist der erste Samen des Zweifels ges\u00e4t.<\/p>\n<p>Die 5 Regeln, die man sich im Springer Verlag auf die Fahnen schreibt:<\/p>\n<ol>\n<li>Wir treten ein f\u00fcr Freiheit, Rechtsstaat, Demokratie und ein vereinigtes Europa.<\/li>\n<li>Wir unterst\u00fctzen das j\u00fcdische Volk und das Existenzrecht des Staates Israel.<\/li>\n<li>Wir bef\u00fcrworten das transatlantische B\u00fcndnis zwischen den Vereinigten Staaten von Amerika und Europa.<\/li>\n<li>Wir setzen uns f\u00fcr eine freie und soziale Marktwirtschaft ein.<\/li>\n<li>Wir lehnen politischen und religi\u00f6sen Extremismus und jede Art von Rassismus und sexueller Diskriminierung ab.\u00a0<em>Quelle: <a href=\"https:\/\/de.wikipedia.org\/wiki\/Axel_Springer_SE#Grunds%C3%A4tze\" target=\"_blank\" rel=\"noopener\">Wikipedia<\/a> und <a href=\"https:\/\/www.axelspringer.com\/de\/was-uns-ausmacht\" target=\"_blank\" rel=\"noopener\">Springer-Verlag<\/a>)<\/em><\/li>\n<\/ol>\n<p style=\"text-align: justify;\">sind dann wohl eher als Orientierungshilfe zu verstehen &#8211; weniger als strikte Leitlinie. Oder hat irgend jemand das Gef\u00fchl, dass auch nur einer der 5 Punkte jemals von einem Journalisten der f\u00fcr die BILD-Zeitung schreibt, gelesen worden ist?<\/p>\n<p style=\"text-align: justify;\">Wenn dann auch noch die Minister sich durch &#8222;Lobby-Arbeit&#8220; die Taschen vollmachen und den richtigen und wichtigen von den Gr\u00fcnen eingeschlagenen Weg zu erneuerbaren Energienen wieder verlassen wollen, was deren Bankkonten auf wundersame Art f\u00fcllt (Jens Spahn ist durch sein Amt als Politiker auch schon mehrfacher Million\u00e4r geworden &#8211; und keine(r) wei\u00df wie..) auf der anderen Seite f\u00fcr den immer weniger in der Tasche habenden B\u00fcrger zu neuen Verteuerungen f\u00fchrt, dann ist eine Trotzreaktion in Form einer Protestwahl nur noch eine Frage der Zeit.<\/p>\n<p style=\"text-align: justify;\">Eigentlich muss die AfD gar nichts tun, au\u00dfer sich ins F\u00e4ustchen zu lachen, denn die Politiker unserer &#8222;Volksparteien&#8220; kapieren nicht, dass der B\u00fcrger sich nicht l\u00e4nger an der Nase herumf\u00fchren l\u00e4sst. Und wer nicht lernf\u00e4hig ist, der muss mit den Konsequenzen rechnen. Ich mache mir da nichts vor: die AfD wird irgendwann wieder an die Regierung kommen, denn die Vergangenheit hat gezeigt, dass sich\u00a0 zum einen Geschichte immer wiederholt und zum anderen, dass die Menschen kackenbl\u00f6d sind und aus ihren Fehlern nichts lernen &#8211; sonst w\u00e4re die Welt ja nicht so beschissen, wie sie momentan ist. Und diese Abw\u00e4rtstendenz nimmt wie der Klimawandel z\u00fcgig Fahrt auf!<\/p>\n<p style=\"text-align: justify;\">Naja, meine Oma sagte schon immer: &#8222;Deh Beh Deh &#8211; Deh Hah Kah Peh&#8220;. Was auf gut Deutsch die Abk\u00fcrzung f\u00fcr: &#8222;Doof bleibt Doof &#8211; da helfen keine Pillen&#8220; ist.<\/p>\n<h3><span class=\"ez-toc-section\" id=\"Danke_der_Nachfrage_%E2%80%93_mir_gehts_gut_mein_Zynismus_funktioniert_noch%E2%80%A6\"><\/span>Danke der Nachfrage &#8211; mir geht&#8217;s gut (mein Zynismus funktioniert noch)&#8230;<span class=\"ez-toc-section-end\"><\/span><\/h3>\n<p style=\"text-align: justify;\">Verlassen wir die Baustelle Weltpolitik und die Spinner die auf unserem Planeten ihr Unwesen treiben und kommen wir zu dem Menschen, der wirklich wichtig ist: Pronomen Mich\/Mir\/Ich, ich und nochmals ich.<\/p>\n<p style=\"text-align: justify;\">Just wo ich diesen Absatz nach einer ausgelassenen Silvesterfeier mit mir, meinem riesigem TV, dem Deluxe Musik Disco-Silvestermix, der mich seit Jahren durch den Silvesterabend begleitet und einer Gruppe Nordic-Porter P\u00fclleken aus dem Hause St\u00f6rtebeker (die den Abend nicht \u00fcberlebt haben) schreibe, bin ich &#8211; nach einer viel zu kurzen Nachtruhe &#8211; seit etwas \u00fcber 6 Stunden &#8222;Rentner&#8220;!<\/p>\n<p style=\"text-align: justify;\">Witzig &#8211; oder eher seltsam &#8211; finde ich dann Fragen wie: &#8222;Rentner? Wie ist das denn so?&#8220; &#8211; oder: &#8222;und? Wie kommst Du damit klar?&#8220;, so als w\u00e4re die Rente so was wie eine Krankheit mit Behinderung. Dass man sich nicht vorstellen kann wie Rente ist zeigt, dass meine am Anfang des Artikels beschriebene Einsch\u00e4tzung des Verstandes der Mitmenschen bedrohlicher ist, als angenommen.<\/p>\n<p style=\"text-align: justify;\"><a href=\"https:\/\/www.nerd-o-mania.de\/wordpress\/wp-content\/uploads\/2026\/01\/alter-Mann-auf-Parkbank-800px.jpg\"><img loading=\"lazy\" decoding=\"async\" class=\"alignright wp-image-40366 size-large\" src=\"https:\/\/www.nerd-o-mania.de\/wordpress\/wp-content\/uploads\/2026\/01\/alter-Mann-auf-Parkbank-800px-300x300.jpg\" alt=\"Monatsr\u00fcckblick Dezember 2025 - die Zukunft des alten Mannes..\" width=\"300\" height=\"300\" title=\"\" srcset=\"https:\/\/www.nerd-o-mania.de\/wordpress\/wp-content\/uploads\/2026\/01\/alter-Mann-auf-Parkbank-800px-300x300.jpg 300w, https:\/\/www.nerd-o-mania.de\/wordpress\/wp-content\/uploads\/2026\/01\/alter-Mann-auf-Parkbank-800px-240x240.jpg 240w, https:\/\/www.nerd-o-mania.de\/wordpress\/wp-content\/uploads\/2026\/01\/alter-Mann-auf-Parkbank-800px-768x768.jpg 768w, https:\/\/www.nerd-o-mania.de\/wordpress\/wp-content\/uploads\/2026\/01\/alter-Mann-auf-Parkbank-800px.jpg 800w\" sizes=\"auto, (max-width: 300px) 100vw, 300px\" \/><\/a><em>(<strong>Bild rechts: <\/strong>ist das mein Rentnerdasein? Auf einer Parkbank sitzend und Socken vor lauter Langeweile stricken &#8211; und um die zur Rentenaufbesserung auf ebay zu verh\u00f6kern?)<\/em><\/p>\n<p style=\"text-align: justify;\">Aber wenn mich jemand fragt: &#8222;Rente ist wie Urlaub &#8211; nur mit weniger Geld&#8220;. Urlaub ist ja sowas wie &#8222;Rente Light&#8220; &#8211; man muss nicht arbeiten, aber man bekommt das \u00fcbliche Gehalt (manchmal dank Urlaubsgeld sogar mehr) um damit sch\u00f6ne Urlaubsreisen antreten zu k\u00f6nnen und erholt aus dem Urlaub zu kommen um weiter eine passable Leistung im Job bringen zu k\u00f6nnen.<\/p>\n<p style=\"text-align: justify;\">Die Altersrente ist \u00e4hnlich: man muss nicht arbeiten &#8211; aber man bekommt nur noch einen Bruchteil des Gehalts und deshalb fallen Urlaubsreisen komplett aus. Braucht man ja auch nicht mehr, denn warum sollst Du erholt aus dem Urlaub zur\u00fcck kommen? Du arbeitest ja schlie\u00dflich nicht mehr um f\u00fcr deinen Chef die Kastanien aus dem Feuer zu holen.<\/p>\n<p style=\"text-align: justify;\">Als Rentner ist es deshalb wichtig in einer Stadt zu leben, die viele kostenlose M\u00f6glichkeiten anbietet, seinen Tag sinnvoll oder auch kitzelnd aufregend zu verbringen &#8211; Dortmund ist da ganz in Ordnung. F\u00fcr kitzelige Aufregung (bevorzugt durch Messerspitzen hervorgerufen) empfiehlt sich ein n\u00e4chtlicher Ausflug in die Nordstadt. Dank Deutschland-Ticket ist die Fahrt im \u00d6PNV dorthin kostenlos. Inwieweit die R\u00fcckreise in Form der Bef\u00f6rderung in einem Rettungswagen durch das D-Ticket abgedeckt ist, wei\u00df ich aber leider nicht. Da m\u00fcsst ihr mal auf der Webseite recherchieren.<\/p>\n<h3><span class=\"ez-toc-section\" id=\"Statt_der_Gans_die_goldene_Eier_legt_%E2%80%93_eine_Gans_aus_purem_Gold\"><\/span>Statt der Gans die goldene Eier legt &#8211; eine Gans aus purem Gold..<span class=\"ez-toc-section-end\"><\/span><\/h3>\n<p style=\"text-align: justify;\">Wird einem die Barschaft nicht bei einem der aufregenden Exkursionen in die Nordstadt abgekn\u00f6pft, dann geschieht dies gan<del>s<\/del>z (Achtung Wortwitz!) legal an der Supermarkt-Kasse.<\/p>\n<p style=\"text-align: justify;\">Um Weihnachten stilgerecht zu schnabulieren, war mein Gedanke eine Gans zu zubereiten. Vor der Zubereitung habe ich keine Angst. Das Federvieh macht ja mancher K\u00f6chin durch ihre schiere Gr\u00f6\u00dfe Angst &#8211; aber wer mich kennt wei\u00df, dass ich auch vor gro\u00dfen Gegnern nicht zur\u00fcckschrecke &#8211; umso weniger, wenn Sie schon tot und steif gefroren sind. Regelm\u00e4\u00dfige Leser werden sich erinnern, dass dies auch nicht meine erste Gans war, die im G\u00e4nsebr\u00e4ter landet.<\/p>\n<p style=\"text-align: justify;\">Ich marschierte also mit meinem Rucksack zur Mall, sortierte die Sachen, die ich ben\u00f6tigte in einen Einkaufswagen, fuhr zur Check-Out Zone und packte alles auf das Rollband der Kasse. Schon nach wenigen Sekunden standen dort \u00fcber 120 \u20ac auf dem Display! Ich unterbrach den Kassierer kurz und fragte, was die Gans gekostet hat, denn mich beschlich da eine Ahnung&#8230;<\/p>\n<p style=\"text-align: justify;\">&#8222;Dreiundachtig Euro und Vierundneunzig Cent&#8220; &#8211; Uuups.. das sa\u00df. Der Hinweis, dass dies ja auch eine Bio-Gans sei, h\u00f6rte ich nicht mehr, weil ich da schon ohnm\u00e4chtig zu Boden gesunken war..<\/p>\n<p style=\"text-align: justify;\"><a href=\"https:\/\/www.nerd-o-mania.de\/wordpress\/wp-content\/uploads\/2026\/01\/Weihnachtsgans-aus-purem-Gold-650px.jpg\"><img loading=\"lazy\" decoding=\"async\" class=\"alignleft size-large wp-image-40376\" src=\"https:\/\/www.nerd-o-mania.de\/wordpress\/wp-content\/uploads\/2026\/01\/Weihnachtsgans-aus-purem-Gold-650px-270x300.jpg\" alt=\"\" width=\"270\" height=\"300\" title=\"\" srcset=\"https:\/\/www.nerd-o-mania.de\/wordpress\/wp-content\/uploads\/2026\/01\/Weihnachtsgans-aus-purem-Gold-650px-270x300.jpg 270w, https:\/\/www.nerd-o-mania.de\/wordpress\/wp-content\/uploads\/2026\/01\/Weihnachtsgans-aus-purem-Gold-650px-216x240.jpg 216w, https:\/\/www.nerd-o-mania.de\/wordpress\/wp-content\/uploads\/2026\/01\/Weihnachtsgans-aus-purem-Gold-650px.jpg 650w\" sizes=\"auto, (max-width: 270px) 100vw, 270px\" \/><\/a><em>(<strong>Bild links: <\/strong>Autsch &#8211; das tut verdammt weh in der Geldb\u00f6rse: \u00fcber 80 \u20ac f\u00fcr eine Weihnachtsgans. Kein Wunder, dass da kein Geld mehr f\u00fcr Geschenke da war. Man kann eben nicht alles haben: einen vollen Magen oder einen vollen Spielzeugschrank..)<\/em><\/p>\n<p style=\"text-align: justify;\">Nachdem mich das G\u00e4nsepreis-Notfallteam wiederbelebt hatte standen final 135,33 \u20ac auf dem Kassenzettel. Ich \u00fcberlegte erst, die Gans dort zu lassen aber Weihnachten ist ja nur einmal im Jahr und was sollte ich meinen zahlreichen G\u00e4sten anbieten? Etwa piefigen fertig gekauften Billig-Kartoffelsalat mit 2. Wahl-W\u00fcrstchen aus der Krabbel-Ecke des K\u00fchlregals? Kleiner Spoiler: Ich feierte dieses Jahr wie schon seit einem Jahrzehnt alleine zu Hause..<\/p>\n<p style=\"text-align: justify;\">Ich packte also alles ein, marschierte schnurstracks mit dieser Gans aus purem Gold nach Hause und in meiner Butze r\u00e4umte ich wacker die Tiefk\u00fchlf\u00e4cher in meinem Side by Side um, damit dort das fast 6 Kilo schwere Federvieh gut aufgehoben war. Dort liegt es \u00fcbrigens immer noch &#8211; Zusammen mit einer 2 Kilo-Ente, die ich eine Woche sp\u00e4ter noch gekauft hatte und die da auch noch ein Pl\u00e4tzchen fand und dort auch immer noch liegt (\u00dcbrigens genau wie die Gans) &#8211; denn was glaubt ihr, was ich \u00fcber die Weihnachtsfeiertage gemampft habe? Leckeren selbstgemachten Linseneintopf! Naja, n\u00e4chstes Jahr ist ja wieder Weihnachten &#8211; eine Gans brauche ich dann jedenfalls schon mal nicht mehr..<\/p>\n<p style=\"text-align: justify;\">Aber wie ich mich kenne kaufe ich n\u00e4chstes Jahr wieder eine, weil ich das teure Mistvieh im Tiefk\u00fchler bis dahin l\u00e4ngst vergessen habe. Will zuf\u00e4llig n\u00e4chstes Jahr Weihnachten jemand zum G\u00e4nsebraten mampfen bei mir auftauchen? Dann bitte kurze DN &#8211; und erinnert mich einen Tag vorher, dass ich das Mistvieh aus dem K\u00fchlschrank hole!<\/p>\n<h3><span class=\"ez-toc-section\" id=\"Sinnvolle_Beschaeftigung_Wie_waere_es_mal_mit_Aufraeumen\"><\/span>Sinnvolle Besch\u00e4ftigung? Wie w\u00e4re es mal mit Aufr\u00e4umen?<span class=\"ez-toc-section-end\"><\/span><\/h3>\n<p style=\"text-align: justify;\"><a href=\"https:\/\/www.nerd-o-mania.de\/wordpress\/wp-content\/uploads\/2026\/01\/PC-verkabelung-aus-der-Hoelle-1000px.jpg\"><img loading=\"lazy\" decoding=\"async\" class=\"alignright wp-image-40380\" src=\"https:\/\/www.nerd-o-mania.de\/wordpress\/wp-content\/uploads\/2026\/01\/PC-verkabelung-aus-der-Hoelle-1000px-483x300.jpg\" alt=\"\" width=\"390\" height=\"242\" title=\"\" srcset=\"https:\/\/www.nerd-o-mania.de\/wordpress\/wp-content\/uploads\/2026\/01\/PC-verkabelung-aus-der-Hoelle-1000px-483x300.jpg 483w, https:\/\/www.nerd-o-mania.de\/wordpress\/wp-content\/uploads\/2026\/01\/PC-verkabelung-aus-der-Hoelle-1000px-360x223.jpg 360w, https:\/\/www.nerd-o-mania.de\/wordpress\/wp-content\/uploads\/2026\/01\/PC-verkabelung-aus-der-Hoelle-1000px-768x477.jpg 768w, https:\/\/www.nerd-o-mania.de\/wordpress\/wp-content\/uploads\/2026\/01\/PC-verkabelung-aus-der-Hoelle-1000px.jpg 907w\" sizes=\"auto, (max-width: 390px) 100vw, 390px\" \/><\/a><em>(<strong>Bild rechts: <\/strong>da rebelliert mein innerer Monk! W\u00e4hrend wir in der Firma die Schreibtische der Anwender vern\u00fcnftig verkabeln und keine Kabel sichtbar sind, macht der Weltbeste &#8222;Senior Field Engineer&#8220; zu Hause Pfusch ohne Ende. Nee! Da musste was passieren!)<\/em><\/p>\n<p style=\"text-align: justify;\">Die letzten Wochen war ich ja krankheitsbedingt zu Hause (nein, nicht auf Grund eines Besuchs in der Dortmunder Nordstadt) und wuselte da durch meine H\u00fctte. Wenn das Wetter eher bescheiden ist und man den ganzen Tag in den eigenen vier W\u00e4nden verweilt, dann fallen einem auch mal Stellen auf, an denen mal wieder Hand angelegt werden m\u00fcsste.<\/p>\n<p style=\"text-align: justify;\">W\u00e4hrend man arbeitet hat man ja eine gute Ausrede das zu verschieben, weil man Abends &#8222;zu ersch\u00f6pft ist&#8220;, nochmal schnell die Alu-Leiter zu holen um ein Kabel des Beleuchtungssystems nachzuspannen, Birnen mit einer w\u00e4rmeren Farbe einzusetzen oder eine klappernde Jalousie auszutauschen.<\/p>\n<p style=\"text-align: justify;\"><a href=\"https:\/\/www.nerd-o-mania.de\/wordpress\/wp-content\/uploads\/2026\/01\/stecker-stecker-stecker-600px.jpg\"><img loading=\"lazy\" decoding=\"async\" class=\"alignleft size-large wp-image-40404\" src=\"https:\/\/www.nerd-o-mania.de\/wordpress\/wp-content\/uploads\/2026\/01\/stecker-stecker-stecker-600px-193x300.jpg\" alt=\"\" width=\"193\" height=\"300\" title=\"\" srcset=\"https:\/\/www.nerd-o-mania.de\/wordpress\/wp-content\/uploads\/2026\/01\/stecker-stecker-stecker-600px-193x300.jpg 193w, https:\/\/www.nerd-o-mania.de\/wordpress\/wp-content\/uploads\/2026\/01\/stecker-stecker-stecker-600px-154x240.jpg 154w, https:\/\/www.nerd-o-mania.de\/wordpress\/wp-content\/uploads\/2026\/01\/stecker-stecker-stecker-600px.jpg 600w\" sizes=\"auto, (max-width: 193px) 100vw, 193px\" \/><\/a><em>(<strong>Bild links: <\/strong>man glaubt ja gar nicht, wieviele Stecker man hat, wenn man einen PC in DeLuxe-Vollausstattung als Arbeitsplatz hat. Nachdem der Schreibtisch von der Wand abgezogen war &#8211; achtet nicht auf die Wollm\u00e4use am Boden, die wurden nat\u00fcrlich im Rahmen der Kabelverlegung gleich mit entfernt &#8211; und alle Kabel aus den bis dato eingesetzten auf dem Boden liegenden Steckdosenleisten gezogen waren, lagen 9 (in Worten Neun!) Schuko-Stecker auf dem Boden. Und das ist nur der Schreibtisch rechts. Das ist ein Eckschreibtisch und auf der anderen Seite baumelten ebefalls fast ein Dutzend Stecker runter.)<\/em><\/p>\n<p style=\"text-align: justify;\">Mich nervte schon seit l\u00e4ngerem meine Schreibtisch-Verkabelung: alle Kabel lagen auf dem Boden oder hingen kreuz und quer hinten runter. Wollte man eine Komponente austauschen war das immer eine Riesenaktion, weil die Kabel kreuz und quer baumelten und sich die Stecker andauernd irgendwo verkeilten. Beim saugen bekam man nicht alles zwischen den Kabeln entfernt, was extrem nervte, wenn man mal wieder unter dem Schreibtisch etwas verkabeln musste und man sich fragte wieso die Wollm\u00e4use trotz w\u00f6chentlicher Saug-Routine nicht nur \u00fcberlebten, sondern scheinbar sogar Junge bekamen.<\/p>\n<p style=\"text-align: justify;\"><a href=\"https:\/\/www.nerd-o-mania.de\/wordpress\/wp-content\/uploads\/2026\/01\/Schreibtisch-Verkabelung-nach-der-Optimierung-1000px.jpg\"><img loading=\"lazy\" decoding=\"async\" class=\"wp-image-40382 alignright\" src=\"https:\/\/www.nerd-o-mania.de\/wordpress\/wp-content\/uploads\/2026\/01\/Schreibtisch-Verkabelung-nach-der-Optimierung-1000px-455x300.jpg\" alt=\"\" width=\"379\" height=\"250\" title=\"\" srcset=\"https:\/\/www.nerd-o-mania.de\/wordpress\/wp-content\/uploads\/2026\/01\/Schreibtisch-Verkabelung-nach-der-Optimierung-1000px-455x300.jpg 455w, https:\/\/www.nerd-o-mania.de\/wordpress\/wp-content\/uploads\/2026\/01\/Schreibtisch-Verkabelung-nach-der-Optimierung-1000px-360x237.jpg 360w, https:\/\/www.nerd-o-mania.de\/wordpress\/wp-content\/uploads\/2026\/01\/Schreibtisch-Verkabelung-nach-der-Optimierung-1000px-768x506.jpg 768w, https:\/\/www.nerd-o-mania.de\/wordpress\/wp-content\/uploads\/2026\/01\/Schreibtisch-Verkabelung-nach-der-Optimierung-1000px.jpg 1000w\" sizes=\"auto, (max-width: 379px) 100vw, 379px\" \/><\/a><em>(<strong>Bild rechts: <\/strong>Das sieht doch schon ganz klar aufger\u00e4umter aus, oder etwa nicht? Hat zwar einen halben Tag gedauert das alles so zu machen, aber daf\u00fcr kann man jetzt endlich richtig saubermachen und auch die Wartung oder das hinzuf\u00fcgen von Komponenten ist nun viel schneller erledigt.)<\/em><\/p>\n<p style=\"text-align: justify;\">Also da musste was geschehen &#8211; zuerst mal die st\u00f6renden Kabel vom Boden weg! Aber wie? Ich \u00fcberlegte die Steckdosenleisten, die ich aufgrund der Vielzahl der elektrischen Verbraucher einsetze, vom Fussboden zu entfernen und die an die Unterseite des gro\u00dfen Eckschreibtisches zu schrauben. Als n\u00e4chsten Schritt dann die Stromkabel mittels Klettband passend abl\u00e4ngen und damit die Dinger zum einen aus dem Blickfeld verschwinden lassen und zum anderen das ewige verheddern beim umst\u00f6pseln minimieren.<\/p>\n<p style=\"text-align: justify;\">Als letzter Schritt wurden aus dem Klettband ca. 15 Zentimeter lange St\u00fcck geschnitten und die in 30 Zentimeter Abstand mittels Spax-Schrauben ebenfalls unter der Tischplatte befestigt. Dort wurden dann die Kabel vom Boden hineingelegt und durch das Klettband fixiert.<\/p>\n<p style=\"text-align: justify;\"><a href=\"https:\/\/www.nerd-o-mania.de\/wordpress\/wp-content\/uploads\/2026\/01\/Ergebnis-etliche-Steckdosenleisten-weniger-900px.jpg\"><img loading=\"lazy\" decoding=\"async\" class=\"alignright size-large wp-image-40383\" src=\"https:\/\/www.nerd-o-mania.de\/wordpress\/wp-content\/uploads\/2026\/01\/Ergebnis-etliche-Steckdosenleisten-weniger-900px-377x300.jpg\" alt=\"\" width=\"377\" height=\"300\" title=\"\" srcset=\"https:\/\/www.nerd-o-mania.de\/wordpress\/wp-content\/uploads\/2026\/01\/Ergebnis-etliche-Steckdosenleisten-weniger-900px-377x300.jpg 377w, https:\/\/www.nerd-o-mania.de\/wordpress\/wp-content\/uploads\/2026\/01\/Ergebnis-etliche-Steckdosenleisten-weniger-900px-301x240.jpg 301w, https:\/\/www.nerd-o-mania.de\/wordpress\/wp-content\/uploads\/2026\/01\/Ergebnis-etliche-Steckdosenleisten-weniger-900px-768x612.jpg 768w, https:\/\/www.nerd-o-mania.de\/wordpress\/wp-content\/uploads\/2026\/01\/Ergebnis-etliche-Steckdosenleisten-weniger-900px.jpg 900w\" sizes=\"auto, (max-width: 377px) 100vw, 377px\" \/><\/a><em>(<strong>Bild rechts:<\/strong> Schon komisch &#8211; ich habe immer noch soviel Stromverbraucher wie vorher aber es sind 4 Steckdosenleisten \u00fcbrig, die ich nun erst mal einmotte. Wer weiss &#8211; vielleicht verkabel ich den Hifi-Schrank im Wohnzimmer auch bald neu..)<\/em><\/p>\n<p style=\"text-align: justify;\">Bis zur Ausf\u00fchrung war es dann nur noch ein kleiner Schritt: 2 gro\u00dfe Steckdosenleisten bei AMAZON bestellt, 4 Zentimeter breites Klettband in 5 Meter L\u00e4nge noch dazu. Schrauben und Bohrmaschine waren vorhanden &#8211; also ran ans Werk. Zuerst musste der Schreibtisch weg von der Wand, damit ich \u00fcberhaupt an die Kabel dran kam und den besten Platz f\u00fcr die unter den Schreibtisch zu montierenden Steckdosenleisten finden konnte.<\/p>\n<p style=\"text-align: justify;\">Das arbeiten selbst im liegen \u00fcber Kopf mit \u00fcberdehntem Nacken ist f\u00fcr mich leider der Endgegner. Schon in meiner Jugend wurde mir regelm\u00e4\u00dfig \u00fcbel, wenn ich unter meinen Karren lag um am Auspuff oder Unterboden rumzuwerkeln. Das wurde im Alter leider nicht besser, aber da musste ich jetzt durch. 4 Kotzattacken sp\u00e4ter war alles montiert und die Kabelverlegung konnte beginnen. Da konnte ich gl\u00fccklicherweise viel im sitzen machen, was meinem Gleichgewichstssinn gefiel. Das Ergebnis gef\u00e4llt mir jedenfalls richtig gut!<\/p>\n<p>Das war&#8217;s dann auch schon mit meinem Monats- und Jahresr\u00fcckblick. Diesmal nicht ganz so umfangreich &#8211; aber ich glaube, dass die meisten meiner j\u00fcngeren Leser nach einer ausgedehnten Silvesterparty keine Lust haben hier eine halbe Stunde Geschichten vom Opa zu h\u00f6ren..<\/p>\n<p style=\"text-align: justify;\"><em>Der Autor w\u00fcnscht allen Lesern, Followern, Fans, Groupies, Ex-Lebensabschnittsgef\u00e4hrtinnen, Hunden, Katzen und auch allen anderen bedrohten Arten einen guten Start ins neue Jahr und dr\u00fcckt die Daumen, dass zumindest das mit dem aussterben noch nicht dieses Jahr eintritt &#8211; sowohl bei den Tieren als auch bei den Menschen. Der Autor streitet aber vehement ab, dass er nur Angst vor Followerschwund hat.\u00a0<\/em><\/p>\n<p style=\"text-align: right;\"><em>Der Autor<\/em><\/p>\n","protected":false},"excerpt":{"rendered":"<p>Monatsr\u00fcckblick Dezember 2025 und Jahresr\u00fcckblick 2025 &#8211; ich habe fertig&#8230; Hidiho liebe Community! Willkommen zum Monatsr\u00fcckblick Dezember 2025, der auch gleichzeitig ein Jahresr\u00fcckblick auf das verfi&amp;%.. Jahr 2025 ist. Zuerst wollte ich ja wie es bei unserer\/unserem jeweiligem\/jeweiliger Bundeskanzler\/in Usus ist, einen aus einem Altkleider-Container gezockten Business-Blazer anziehen und mit einem von einer Visagistin in &hellip;<\/p>\n","protected":false},"author":11,"featured_media":34162,"comment_status":"open","ping_status":"closed","sticky":false,"template":"","format":"standard","meta":{"activitypub_content_warning":"","activitypub_content_visibility":"","activitypub_max_image_attachments":4,"activitypub_interaction_policy_quote":"anyone","activitypub_status":"","footnotes":""},"categories":[3,15],"tags":[],"class_list":["post-40285","post","type-post","status-publish","format-standard","has-post-thumbnail","hentry","category-alltagsabenteuer","category-unterhaltung"],"jetpack_featured_media_url":"https:\/\/www.nerd-o-mania.de\/wordpress\/wp-content\/uploads\/2023\/11\/monatsrueckblick-Kalender-Beitragsbild-1600px.jpg","jetpack_likes_enabled":true,"_links":{"self":[{"href":"https:\/\/www.nerd-o-mania.de\/wordpress\/wp-json\/wp\/v2\/posts\/40285","targetHints":{"allow":["GET"]}}],"collection":[{"href":"https:\/\/www.nerd-o-mania.de\/wordpress\/wp-json\/wp\/v2\/posts"}],"about":[{"href":"https:\/\/www.nerd-o-mania.de\/wordpress\/wp-json\/wp\/v2\/types\/post"}],"author":[{"embeddable":true,"href":"https:\/\/www.nerd-o-mania.de\/wordpress\/wp-json\/wp\/v2\/users\/11"}],"replies":[{"embeddable":true,"href":"https:\/\/www.nerd-o-mania.de\/wordpress\/wp-json\/wp\/v2\/comments?post=40285"}],"version-history":[{"count":57,"href":"https:\/\/www.nerd-o-mania.de\/wordpress\/wp-json\/wp\/v2\/posts\/40285\/revisions"}],"predecessor-version":[{"id":40295,"href":"https:\/\/www.nerd-o-mania.de\/wordpress\/wp-json\/wp\/v2\/posts\/40285\/revisions\/40295"}],"wp:featuredmedia":[{"embeddable":true,"href":"https:\/\/www.nerd-o-mania.de\/wordpress\/wp-json\/wp\/v2\/media\/34162"}],"wp:attachment":[{"href":"https:\/\/www.nerd-o-mania.de\/wordpress\/wp-json\/wp\/v2\/media?parent=40285"}],"wp:term":[{"taxonomy":"category","embeddable":true,"href":"https:\/\/www.nerd-o-mania.de\/wordpress\/wp-json\/wp\/v2\/categories?post=40285"},{"taxonomy":"post_tag","embeddable":true,"href":"https:\/\/www.nerd-o-mania.de\/wordpress\/wp-json\/wp\/v2\/tags?post=40285"}],"curies":[{"name":"wp","href":"https:\/\/api.w.org\/{rel}","templated":true}]}}