{"id":41203,"date":"2026-05-01T07:00:50","date_gmt":"2026-05-01T05:00:50","guid":{"rendered":"https:\/\/www.nerd-o-mania.de\/wordpress\/?p=41203"},"modified":"2026-05-01T07:23:51","modified_gmt":"2026-05-01T05:23:51","slug":"monatsrueckblick-april-2026","status":"publish","type":"post","link":"https:\/\/www.nerd-o-mania.de\/wordpress\/2026\/05\/monatsrueckblick-april-2026\/","title":{"rendered":"Monatsr\u00fcckblick April 2026 &#8211; Was gab es denn so beim bunten Fr\u00fchlingsbeginn?"},"content":{"rendered":"<p style=\"text-align: justify;\">Hidiho liebe Community! Der April ist vergangen\u00a0 &#8211; es wird also Zeit f\u00fcr den Monatsr\u00fcckblick April 2026 &#8211; und wie Du als treuer Leser festgestellt hast, gab es am 1. April keinen meiner \u00fcblichen Aprilscherze. Tja, f\u00fcr einen Scherz muss man in Stimmung sein &#8211; aber wenn ich h\u00f6re, was unser &#8222;ich scheisse auf die Arbeiterklasse und Rentner&#8220;-Kanzler Merz schon wieder in Bezug auf Rente raushaut, dann frage ich mich, wann er die <a href=\"https:\/\/en.wikipedia.org\/wiki\/Spitting_Image\" target=\"_blank\" rel=\"noopener\">Spitting Image Maske<\/a> abnimmt und darunter das Gesicht vom US Donny-Boy zum Vorschein kommt.<\/p>\n<p style=\"text-align: justify;\">\u00c4hnlich rigoros den \u00e4rmeren Menschen, das bisschen was sie zum Leben brauchen zu streichen, um es denen zu geben, die mehr als genug haben, war man ja eigentlich nur aus <a href=\"https:\/\/en.wikipedia.org\/wiki\/God%27s_Own_Country\" target=\"_blank\" rel=\"noopener\">Gods own Country<\/a> von dem orangefarbenen Spinner gewohnt.<\/p>\n<p style=\"text-align: justify;\">Aber verlassen wir das Thema Politik erstmal &#8211; es gibt wirklich sch\u00f6nere Dinge im Leben als sich \u00fcber altersstarrsinnige Narzisten in Regierungspositionen aufzuregen, oder? Genau &#8211; daf\u00fcr ist sp\u00e4ter in diesem Monatsr\u00fcckblick noch Zeit..<\/p>\n<h3><span class=\"ez-toc-section\" id=\"Monatsrueckblick_April_2026_%E2%80%93_es_wird_mal_wieder_gereist\"><\/span>Monatsr\u00fcckblick April 2026 &#8211; es wird mal wieder gereist..<span class=\"ez-toc-section-end\"><\/span><\/h3><div id=\"ez-toc-container\" class=\"ez-toc-v2_0_82_2 ez-toc-wrap-left counter-hierarchy ez-toc-counter ez-toc-custom ez-toc-container-direction\">\n<p class=\"ez-toc-title\" style=\"cursor:inherit\">Beitragsinhalt<\/p>\n<label for=\"ez-toc-cssicon-toggle-item-69f452476fc2f\" class=\"ez-toc-cssicon-toggle-label\"><span class=\"ez-toc-cssicon\"><span class=\"eztoc-hide\" style=\"display:none;\">Toggle<\/span><span class=\"ez-toc-icon-toggle-span\"><svg style=\"fill: #999;color:#999\" xmlns=\"http:\/\/www.w3.org\/2000\/svg\" class=\"list-377408\" width=\"20px\" height=\"20px\" viewBox=\"0 0 24 24\" fill=\"none\"><path d=\"M6 6H4v2h2V6zm14 0H8v2h12V6zM4 11h2v2H4v-2zm16 0H8v2h12v-2zM4 16h2v2H4v-2zm16 0H8v2h12v-2z\" fill=\"currentColor\"><\/path><\/svg><svg style=\"fill: #999;color:#999\" class=\"arrow-unsorted-368013\" xmlns=\"http:\/\/www.w3.org\/2000\/svg\" width=\"10px\" height=\"10px\" viewBox=\"0 0 24 24\" version=\"1.2\" baseProfile=\"tiny\"><path d=\"M18.2 9.3l-6.2-6.3-6.2 6.3c-.2.2-.3.4-.3.7s.1.5.3.7c.2.2.4.3.7.3h11c.3 0 .5-.1.7-.3.2-.2.3-.5.3-.7s-.1-.5-.3-.7zM5.8 14.7l6.2 6.3 6.2-6.3c.2-.2.3-.5.3-.7s-.1-.5-.3-.7c-.2-.2-.4-.3-.7-.3h-11c-.3 0-.5.1-.7.3-.2.2-.3.5-.3.7s.1.5.3.7z\"\/><\/svg><\/span><\/span><\/label><input type=\"checkbox\"  id=\"ez-toc-cssicon-toggle-item-69f452476fc2f\"  aria-label=\"Toggle\" \/><nav><ul class='ez-toc-list ez-toc-list-level-1 ' ><li class='ez-toc-page-1 ez-toc-heading-level-3'><a class=\"ez-toc-link ez-toc-heading-1\" href=\"https:\/\/www.nerd-o-mania.de\/wordpress\/2026\/05\/monatsrueckblick-april-2026\/#Monatsrueckblick_April_2026_%E2%80%93_es_wird_mal_wieder_gereist\" >Monatsr\u00fcckblick April 2026 &#8211; es wird mal wieder gereist..<\/a><\/li><li class='ez-toc-page-1 ez-toc-heading-level-3'><a class=\"ez-toc-link ez-toc-heading-2\" href=\"https:\/\/www.nerd-o-mania.de\/wordpress\/2026\/05\/monatsrueckblick-april-2026\/#Die_SPD_der_Vergangenheit_klopft_an_%E2%80%93_die_wollen_Helmut_Schmidt_zurueck\" >Die SPD der Vergangenheit klopft an &#8211; die wollen Helmut Schmidt zur\u00fcck..<\/a><\/li><li class='ez-toc-page-1 ez-toc-heading-level-3'><a class=\"ez-toc-link ez-toc-heading-3\" href=\"https:\/\/www.nerd-o-mania.de\/wordpress\/2026\/05\/monatsrueckblick-april-2026\/#Soziale_Medien_Die_tuen_meiner_und_deiner_Seele_nicht_gut\" >Soziale Medien? Die tuen meiner (und deiner?) Seele nicht gut..<\/a><\/li><li class='ez-toc-page-1 ez-toc-heading-level-3'><a class=\"ez-toc-link ez-toc-heading-4\" href=\"https:\/\/www.nerd-o-mania.de\/wordpress\/2026\/05\/monatsrueckblick-april-2026\/#Apropos_Sieger_Mein_Franzoesisch-Kurs_laeuft\" >Apropos Sieger: Mein Franz\u00f6sisch-Kurs l\u00e4uft..<\/a><\/li><li class='ez-toc-page-1 ez-toc-heading-level-3'><a class=\"ez-toc-link ez-toc-heading-5\" href=\"https:\/\/www.nerd-o-mania.de\/wordpress\/2026\/05\/monatsrueckblick-april-2026\/#Apropos_frueher%E2%80%A6\" >Apropos fr\u00fcher&#8230;<\/a><\/li><\/ul><\/nav><\/div>\n\n<p style=\"text-align: justify;\"><a href=\"https:\/\/www.nerd-o-mania.de\/wordpress\/wp-content\/uploads\/2026\/04\/Dr.-Nerd-im-Cabrio-600px.jpg\"><img loading=\"lazy\" decoding=\"async\" class=\"alignleft wp-image-41211 size-large\" src=\"https:\/\/www.nerd-o-mania.de\/wordpress\/wp-content\/uploads\/2026\/04\/Dr.-Nerd-im-Cabrio-600px-225x300.jpg\" alt=\"Monatsr\u00fcckblick April 2026 - Dr. Nerd auf dem Weg nach Bochum\" width=\"225\" height=\"300\" title=\"\" srcset=\"https:\/\/www.nerd-o-mania.de\/wordpress\/wp-content\/uploads\/2026\/04\/Dr.-Nerd-im-Cabrio-600px-225x300.jpg 225w, https:\/\/www.nerd-o-mania.de\/wordpress\/wp-content\/uploads\/2026\/04\/Dr.-Nerd-im-Cabrio-600px-180x240.jpg 180w, https:\/\/www.nerd-o-mania.de\/wordpress\/wp-content\/uploads\/2026\/04\/Dr.-Nerd-im-Cabrio-600px.jpg 650w\" sizes=\"auto, (max-width: 225px) 100vw, 225px\" \/><\/a><em>(<strong>Bild links: <\/strong>Achtung! Alter Mann auf Tour. Das Wetter war herrlich &#8211; mein Kumpel hat einen Audi TT Cabrio und damit kann man ganz entspannt nach Bochum d\u00fcsen. Bei \u00fcber 2 \u20ac f\u00fcr einen Liter Sprit eine schon fast verschwenderisch teure Reise.)<\/em><\/p>\n<p style=\"text-align: justify;\">Ich war mal wieder auf einer Reise &#8211; naja, was hei\u00dft Reise.. ich war in Bochum im Bergbaumuseum und wollte das erste mal den Bonus meines Rentnerausweises ziehen: &#8222;erm\u00e4\u00dfigten Eintritt&#8220; &#8211; ja von wegen.<\/p>\n<p style=\"text-align: justify;\">Nicht nur, dass der Eintrittspreis mit 15,00 \u20ac ziemlich happig war (damit ist dann nur das \u00fcberirdische Museum mit seinen Ausstellungen abgedeckt) f\u00fcr die F\u00fchrung unter Tage &#8211; die eigentlich der spannendere Teil an dem Besuch ist, waren nochmals 3,00 \u20ac f\u00e4llig. Und Erm\u00e4\u00dfigung f\u00fcr Rentner? Nix da!<\/p>\n<p style=\"text-align: justify;\">Ich konnte mich dunkel daran erinnern, dass ich als Schulkind mal in dem Bergbaumuseum war &#8211; war aber nicht sicher, ob es das gleiche Geb\u00e4ude war, denn das Museum wirkt technisch ziemlich neu. Nachdem ich auf der <a href=\"https:\/\/www.bergbaumuseum.de\/\" target=\"_blank\" rel=\"noopener\">Webseite des Museums<\/a> war, l\u00f6ste sich das R\u00e4tsel: der Geb\u00e4udekomplex wurde in den Jahren 2014 bis 2019 komplett umgebaut und ich muss sagen &#8211; das haben die gut gemacht!<\/p>\n<blockquote class=\"quote-light\">\n<p style=\"text-align: justify;\">Kleiner Spoiler: der Zutritt zum Cafe &#8222;<a href=\"https:\/\/www.kumpels.de\/\" target=\"_blank\" rel=\"noopener\">Kumpels<\/a>&#8220; im Museum ist frei und kostet nichts. Und auf dem Weg dorthin kann man auch kostenlos durch das ganze Museum latschen und das ist wirklich ziemlich gro\u00df und bietet nicht nur informationen zur Kohle und Bergbau. Spart euch also den Eintritt, denn die Karten werden nicht kontrolliert. Wer genug kriminelle Energie hat, der verzichtet auch auf die Karte f\u00fcr die F\u00fchrung, stellt sich einfach zur vollen Stunde an den Sammelpunkt und latscht mit der Truppe mit.<\/p>\n<p style=\"text-align: justify;\">Ich bin sicher 99% der Besucher haben nur ein einziges Mal Eintritt gezahlt und gehen seitdem Tagein-Tagaus dort kostenlos hin um den horrenden Eintrittspreis wieder einzuspielen.<\/p>\n<\/blockquote>\n<p style=\"text-align: justify;\">Die F\u00fchrung durch die unteren Gefilden des Bergwerks, bzw. des Bergbaumuseums ist interessant gemacht, obwohl mir der Rundgang wesentlich k\u00fcrzer erschien als damals. Lt. Webseite soll das unterirdische Stollensystem 2,5 Kilometer lang sein &#8211; wir sind maximal eine halb so lange Strecke gelatscht, wenn \u00fcberhaupt.<\/p>\n<p style=\"text-align: justify;\"><a href=\"https:\/\/www.nerd-o-mania.de\/wordpress\/wp-content\/uploads\/2026\/04\/Berrgbaumuseum-Exponate-cropped-800px.jpg\"><img loading=\"lazy\" decoding=\"async\" class=\"alignright wp-image-41217 size-large\" src=\"https:\/\/www.nerd-o-mania.de\/wordpress\/wp-content\/uploads\/2026\/04\/Berrgbaumuseum-Exponate-cropped-800px-271x300.jpg\" alt=\"Monatsr\u00fcckblick April 2026 - Bergbaumuseum Bochum\" width=\"271\" height=\"300\" title=\"\" srcset=\"https:\/\/www.nerd-o-mania.de\/wordpress\/wp-content\/uploads\/2026\/04\/Berrgbaumuseum-Exponate-cropped-800px-271x300.jpg 271w, https:\/\/www.nerd-o-mania.de\/wordpress\/wp-content\/uploads\/2026\/04\/Berrgbaumuseum-Exponate-cropped-800px-217x240.jpg 217w, https:\/\/www.nerd-o-mania.de\/wordpress\/wp-content\/uploads\/2026\/04\/Berrgbaumuseum-Exponate-cropped-800px-768x851.jpg 768w, https:\/\/www.nerd-o-mania.de\/wordpress\/wp-content\/uploads\/2026\/04\/Berrgbaumuseum-Exponate-cropped-800px.jpg 800w\" sizes=\"auto, (max-width: 271px) 100vw, 271px\" \/><\/a><em>(<strong>Bild rechts:<\/strong> Wer kann mir sagen, wie man diese dicken Maschinen dort runter bekommen hat? Die G\u00e4nge dorthin waren allesamt schm\u00e4ler (schmaler?) als dieses Fahrzeug breit ist, dazu w\u00e4re abbiegen unm\u00f6glich. Hat man in Bochum das &#8222;Beamen&#8220; erfunden?)<\/em><\/p>\n<p style=\"text-align: justify;\">Der simulierte &#8222;Fall&#8220; mit einem Fahrkorb, der die Bergleute mehrere hundert Meter tief unter Tage bringt, war recht nett &#8211; wenn auch entsch\u00e4rft, um allzu magenempfindlichen Besuchern und Menschen mit Schlie\u00dfmuskelproblemen nicht dazu zu verleiten deren Kleidung ebenso wie die Outfits anderer Besucher (denn man steht sehr eng in dem Fahrstuhl) mit Magen- und anderen S\u00e4ften zu besudeln. So etwas wirft dann schlechte Erinnerungen auf den Besuch.<\/p>\n<p style=\"text-align: justify;\">Nach der unterirdischen F\u00fchrung konnte man noch auf den F\u00f6rderturm. Auf die Spitze kommt man aber nur \u00fcber mehrere Stahltreppen, deren Gitterstufen den offenen Blick nach unten gestatten, was den meisten Besuchern Schwindelgef\u00fchle bereitete.<\/p>\n<p style=\"text-align: justify;\"><a href=\"https:\/\/www.nerd-o-mania.de\/wordpress\/wp-content\/uploads\/2026\/04\/Fernsehturm-in-50facher-Vergroesserung-cropped-900px.jpg\"><img loading=\"lazy\" decoding=\"async\" class=\"alignleft size-large wp-image-41259\" src=\"https:\/\/www.nerd-o-mania.de\/wordpress\/wp-content\/uploads\/2026\/04\/Fernsehturm-in-50facher-Vergroesserung-cropped-900px-311x300.jpg\" alt=\"\" width=\"311\" height=\"300\" title=\"\" srcset=\"https:\/\/www.nerd-o-mania.de\/wordpress\/wp-content\/uploads\/2026\/04\/Fernsehturm-in-50facher-Vergroesserung-cropped-900px-311x300.jpg 311w, https:\/\/www.nerd-o-mania.de\/wordpress\/wp-content\/uploads\/2026\/04\/Fernsehturm-in-50facher-Vergroesserung-cropped-900px-249x240.jpg 249w, https:\/\/www.nerd-o-mania.de\/wordpress\/wp-content\/uploads\/2026\/04\/Fernsehturm-in-50facher-Vergroesserung-cropped-900px-768x740.jpg 768w, https:\/\/www.nerd-o-mania.de\/wordpress\/wp-content\/uploads\/2026\/04\/Fernsehturm-in-50facher-Vergroesserung-cropped-900px.jpg 900w\" sizes=\"auto, (max-width: 311px) 100vw, 311px\" \/><\/a><em>(<strong>Bild links: <\/strong> Dieses Bild t\u00e4uscht. Es ist mit 50facher Vergr\u00f6\u00dferung aufgenommen worden. Der Dortmunder Fernsehturm war in Wahrheit nur zu erahnen &#8211; dank der Superkamera meines S24 Ultra (<a href=\"https:\/\/www.nerd-o-mania.de\/wordpress\/2024\/01\/vergleich-s23-ultra-gegen-s24-ultra\/\">Test<\/a>) kann man die charakteristische Gondelform aber gut erkennen..)<\/em><\/p>\n<p style=\"text-align: justify;\">Aber egal &#8211; wenn man schon mal da ist, dann nimmt man das noch mit und schaut mal in die Runde. Den Dortmunder Fernsehturm &#8222;Florian&#8220; konnte man in der Ferne erahnen. Mit meinem S24 Ultra und 50facher Vergr\u00f6\u00dferung konnte man ihn aber einigerma\u00dfen scharf erkennen.<\/p>\n<p style=\"text-align: justify;\">Am meisten hat mich gewundert, wie man diese riesigen Maschinen in die engen Katakomben bekommen hat. Dies, und dass das Leben der Bergleute den reichen Minenbesitzern jahrhundertelang v\u00f6llig Humpe war. Denen waren nur die teuren Investitionen in ihre Maschinen wichtig. Die Arbeitsbedingungen der Bergleute? Nebensache. Kennt man aber irgendwie, dass die Menschen, die daf\u00fcr sorgen, dass andere Menschen reich werden am wenigsten gesch\u00e4tzt werden.<\/p>\n<p style=\"text-align: justify;\"><a href=\"https:\/\/www.nerd-o-mania.de\/wordpress\/wp-content\/uploads\/2026\/04\/moderne-Abbautechnik-600px-rotated.jpg\"><img loading=\"lazy\" decoding=\"async\" class=\"alignright size-large wp-image-41260\" src=\"https:\/\/www.nerd-o-mania.de\/wordpress\/wp-content\/uploads\/2026\/04\/moderne-Abbautechnik-600px-169x300.jpg\" alt=\"\" width=\"169\" height=\"300\" title=\"\" srcset=\"https:\/\/www.nerd-o-mania.de\/wordpress\/wp-content\/uploads\/2026\/04\/moderne-Abbautechnik-600px-169x300.jpg 169w, https:\/\/www.nerd-o-mania.de\/wordpress\/wp-content\/uploads\/2026\/04\/moderne-Abbautechnik-600px-135x240.jpg 135w, https:\/\/www.nerd-o-mania.de\/wordpress\/wp-content\/uploads\/2026\/04\/moderne-Abbautechnik-600px-rotated.jpg 600w\" sizes=\"auto, (max-width: 169px) 100vw, 169px\" \/><\/a><em>(<strong>Bild rechts: <\/strong>aktuelle F\u00f6rdertechnik schont die Gesundheit des Menschen &#8211; ist aber s\u00fcndhaft teuer. Kleiner Funfact: Lt. dem F\u00fchrer der Besichtigung liegt noch f\u00fcr \u00fcber 300 Jahre Kohle Untertage, die abgebaut werden k\u00f6nnte &#8211; und die w\u00e4re aufgrund der aktuellen Preise auf dem Kohlenmarkt sogar rentabel beim Abbau. Klar, das CO2 bliebe ein Problem. Aber immerhin &#8211; Gut zu wissen, dass es da ist. Schlecht, wenn es Donald Trump auch erf\u00e4hrt &#8211; also Psst. nicht weitersagen.. )<\/em><\/p>\n<p style=\"text-align: justify;\">Irgendwie ist das schon ein seltsames Ph\u00e4nomen auf diesem Planeten, welches seit Jahrhunderten aufrecht erhalten werden konnte. Auch seltsam, dass sich die Menschen das gefallen lassen. Aber ich muss vorsichtig sein &#8211; mit solch kritischen und schon fast umst\u00fcrzlerischen Ansichten ist man in Deutschland schnell als Linker eingestuft. Und das ist f\u00fcr die aktuelle Regierung in diesem Land, scheinbar schlimmer als ein Nazi zu sein.<\/p>\n<h3><span class=\"ez-toc-section\" id=\"Die_SPD_der_Vergangenheit_klopft_an_%E2%80%93_die_wollen_Helmut_Schmidt_zurueck\"><\/span>Die SPD der Vergangenheit klopft an &#8211; die wollen Helmut Schmidt zur\u00fcck..<span class=\"ez-toc-section-end\"><\/span><\/h3>\n<p style=\"text-align: justify;\">Politik? Ja, bei dem Thema ist Deutschland aktuell ein <a href=\"https:\/\/de.wikipedia.org\/wiki\/Problemb%C3%A4r\" target=\"_blank\" rel=\"noopener\">Problemb\u00e4r<\/a>. Vielleicht sollten wir es mit der aktuellen Regierung halten wie seinerzeit mit <a href=\"https:\/\/de.wikipedia.org\/wiki\/JJ1\" target=\"_blank\" rel=\"noopener\">Bruno?<\/a> Peng, Peng &#8211; heute Abend gibt es lecker B\u00e4rensteak auf der Grillparty!..<\/p>\n<p style=\"text-align: justify;\">Ein Kanzler, der sein Volk hasst und seinen Mitgliedsantrag bei der AfD schon in den Briefumschlag geschickt hat und eine Wirtschaftsministerin, die ganz unverhohlen Berichte zum Thema erfolgreichem Ausbau der erneuerbaren Energien verschwinden l\u00e4sst, falsche Fakten in Gas(t)-Beitr\u00e4gen der FAZ verbreitet und Deutschland im Bereich Energie um 30 Jahre zur\u00fcckwerfen will, um ihrer Energielobby zu dienen. Und der Koalitionspartner SPD? Quasi nicht existent. Wo sind die Politiker mit Weitsicht und Charisma wie <a href=\"https:\/\/de.wikipedia.org\/wiki\/Helmut_Schmidt\" target=\"_blank\" rel=\"noopener\">Helmut Schmidt<\/a>? Welcher seelenlose Konkursverwalter der fr\u00fcheren Arbeiter-Partei SPD kommt als n\u00e4chstes?<\/p>\n\n\t\t<div class=\"stream-item stream-item-in-post stream-item-in-post-1\"><hr>\r\n<p style=\"text-align: center;\"> HIER FOLGT EINE WERBEANZEIGE <\/p>\r\n<script async src=\"https:\/\/pagead2.googlesyndication.com\/pagead\/js\/adsbygoogle.js?client=ca-pub-4512412109408083\"\r\n     crossorigin=\"anonymous\"><\/script>\r\n<!-- Jannah Responsiv -->\r\n<ins class=\"adsbygoogle\"\r\n     style=\"display:block\"\r\n     data-ad-client=\"ca-pub-4512412109408083\"\r\n     data-ad-slot=\"9296702764\"\r\n     data-ad-format=\"auto\"\r\n     data-full-width-responsive=\"true\"><\/ins>\r\n<script>\r\n     (adsbygoogle = window.adsbygoogle || []).push({});\r\n<\/script>\r\n<hr>\n\t\t<\/div>\n\t\n<p style=\"text-align: justify;\">Meine Gro\u00dfeltern waren Zeit ihres Lebens sowohl<a href=\"https:\/\/de.wikipedia.org\/wiki\/Atheismus\" target=\"_blank\" rel=\"noopener\"> Atheisten<\/a> als auch Sozialdemokraten. Das bedeutet, dass sie obwohl nicht an Gott glaubend an ein soziales miteinander der Menschen glaubten. Witzigerweise bekommen es ja die \u00fcberzeugten Christen, die so stolz darauf sind, welche zu sein es nicht mal hin sich an die 10 Gebote zu halten &#8211; was f\u00fcr einen Atheisten schon aufgrund seiner Weltsicht ganz selbstverst\u00e4ndlich ist. Und ich bin auch atheistisch erzogen worden: ich wurde nicht getauft und geh\u00f6re keiner Kirche an. Dass ich auch nicht an Gott glaube habe ich glaube ich schon satirisch genug<a href=\"https:\/\/www.nerd-o-mania.de\/wordpress\/2013\/10\/sonntagsgedanken-von-kaffeemaschinen-reinkarnation-himmel-und-angst-vorm-sterben\/\"> in diesem Beitrag bewiesen<\/a>..<\/p>\n<p style=\"text-align: justify;\"><a href=\"https:\/\/www.nerd-o-mania.de\/wordpress\/wp-content\/uploads\/2026\/04\/groesster-Huehnerfuss-der-Welt-600px.jpg\"><img loading=\"lazy\" decoding=\"async\" class=\"alignright size-large wp-image-41279\" src=\"https:\/\/www.nerd-o-mania.de\/wordpress\/wp-content\/uploads\/2026\/04\/groesster-Huehnerfuss-der-Welt-600px-227x300.jpg\" alt=\"\" width=\"227\" height=\"300\" title=\"\" srcset=\"https:\/\/www.nerd-o-mania.de\/wordpress\/wp-content\/uploads\/2026\/04\/groesster-Huehnerfuss-der-Welt-600px-227x300.jpg 227w, https:\/\/www.nerd-o-mania.de\/wordpress\/wp-content\/uploads\/2026\/04\/groesster-Huehnerfuss-der-Welt-600px-182x240.jpg 182w, https:\/\/www.nerd-o-mania.de\/wordpress\/wp-content\/uploads\/2026\/04\/groesster-Huehnerfuss-der-Welt-600px.jpg 600w\" sizes=\"auto, (max-width: 227px) 100vw, 227px\" \/><\/a><em>(<strong>Bild rechts: <\/strong>auch im Bergbaumuseum sieht man den gr\u00f6\u00dften H\u00fchnerfuss der Welt. Er geh\u00f6rte einem urzeitlichem H\u00fchner-Vogel &#8211; wahrscheinlich ein Weibchen. Die Eier des Vogels waren so gro\u00df und schwer wie ein VW Golf (Modell 1: 1974 &#8211; 1983) und um den Vogel zu grillen brauchte man einen Metallspie\u00df von 20 Metern L\u00e4nge. Aufgrund \u00fcberall t\u00e4tiger Vulkane war die Feuerbeschaffung zum Gl\u00fcck das kleinste Problem.)<\/em><\/p>\n<p style=\"text-align: justify;\">Mein Gro\u00dfvater war in der SPD bis zu seinem Tod in den fr\u00fchen 90ern, meine Gro\u00dfmutter verliess die Partei jedoch schon in den 80ern, weil sie dort schon einen Verfall der Partei gesehen hat. Der Aufl\u00f6sungsprozess der SPD hatte also anscheinend schon vor Jahrzehnten schleichend begonnen. Wenn ich mir anschaue, was die SPD heute noch darstellt, dann dauert es nicht mehr lange und wir haben ein Zwei-Parteien-System wie in den USA: Rechts und Ultrarechts &#8211; n\u00e4mlich CDU und AfD.<\/p>\n<p style=\"text-align: justify;\">Ich bin also etwas vorbelastet durch meine Erziehung nicht an Dinge glauben zu k\u00f6nnen, solange man sie nicht beweisen kann oder der Verdacht besteht, dass andere Menschen davon einen Vorteil haben &#8211; was fast immer der Fall ist. Oder glaubst Du wirklich, dass ein schmieriger selbsternannter &#8222;Money-Coach&#8220; auf TikTok dich in k\u00fcrzester Zeit so reich machen kann, dass Du Dir ein 150 Quadratmeter Penthouse mitten in Paris leisten kannst? Dann tr\u00e4um weiter und gehe bitte wieder von meinem Blog &#8211; Du geh\u00f6rst hier nicht hin..<\/p>\n<h3><span class=\"ez-toc-section\" id=\"Soziale_Medien_Die_tuen_meiner_und_deiner_Seele_nicht_gut\"><\/span>Soziale Medien? Die tuen meiner (und deiner?) Seele nicht gut..<span class=\"ez-toc-section-end\"><\/span><\/h3>\n<p style=\"text-align: justify;\">Dazu passt auch meine \u00fcber Jahre gesammelten Beobachtungen des miteinanders der Menschen untereinander: der Homo Sapiens ist in knapp 30 Jahren zu einem oberfl\u00e4chlichen, agressiven, dummen, rechthaberischen, egoistischen Subjekt verkommen. Nenne einfach irgendeine negative Eigenschaft und sie stimmt. Hass ist die neue W\u00e4hrung in den sozialen Medien, die von den Algorithmen auch gezielt in die Timeline der User gepusht wird &#8211; denn Hass triggert die Menschen und l\u00e4sst sie interagieren und l\u00e4nger auf den Seelenverbrenner-Portalen bleiben. Ganz ehrlich &#8211; ich bin seit knapp zwei Monat wieder auf Instagram und werde es wieder verlassen, denn ich f\u00fchle mich dort nicht wohl.<\/p>\n\n\t\t<div class=\"stream-item stream-item-in-post stream-item-in-post-2\"><hr>\r\n<p style=\"text-align: center;\"> HIER FOLGT EINE WERBEANZEIGE <\/p>\r\n<script async src=\"https:\/\/pagead2.googlesyndication.com\/pagead\/js\/adsbygoogle.js?client=ca-pub-4512412109408083\"\r\n     crossorigin=\"anonymous\"><\/script>\r\n<!-- Jannah Responsiv -->\r\n<ins class=\"adsbygoogle\"\r\n     style=\"display:block\"\r\n     data-ad-client=\"ca-pub-4512412109408083\"\r\n     data-ad-slot=\"9296702764\"\r\n     data-ad-format=\"auto\"\r\n     data-full-width-responsive=\"true\"><\/ins>\r\n<script>\r\n     (adsbygoogle = window.adsbygoogle || []).push({});\r\n<\/script>\r\n<hr>\n\t\t<\/div>\n\t\n<p style=\"text-align: justify;\">Die st\u00e4ndigen Null-Informationen die hochpoppen, dass ich irgendeinem v\u00f6llig fremden Furz kennen k\u00f6nnte, der in der Watchlist eines Bekannten ist und mich das &#8222;vielleicht interessieren k\u00f6nnte&#8220;, die Only Fans Hobbynutten, die sich an einen anh\u00e4ngen, wenn man woanders Beitr\u00e4ge kommentiert. Dazu die zum Teil aus KI-Schwachsinn bestehenden Inhalte. Sprechende Tiere (nat\u00fcrlich KI), ebenfalls von KI generierte Gegenst\u00e4nde, die es schon wegen physikalischer Unm\u00f6glichkeit nie geben wird, subtile Beeinflussungen in Richtung rechten Gedankenguts und immer wieder billigstes Schrott-Werkzeug aus dem Reich der Mitte.<\/p>\n<p style=\"text-align: justify;\">Mit Instagram kommt auch noch das noch sinnlosere &#8222;Threads&#8220;: ein Portal wie fr\u00fcher Twitter, wo jeder seine kruden Gedankenschnipsel absondern kann &#8211; und das leider auch tut. Frauen, die sich \u00fcber jeden Mann beschweren, mit denen sie sich getroffen haben,\u00a0 und nur darauf gewartet haben, dass sie eine &#8222;Red Flag&#8220; ziehen k\u00f6nnen, selbst wenn er sonst alles richtig gemacht hat &#8211; aber keinen Blumenstrau\u00df mit mindestens 50 Rosen beim Date zu \u00fcberreichen &#8211; das geht gar nicht.<\/p>\n<p style=\"text-align: justify;\">Warum m\u00fcssen die ganzen kaputten Spinnerinnen mit ihren v\u00f6llig abgedrehten Vorstellungen, wie ein Mann sich ihnen gegen\u00fcber zu verhalten hat, ihren Gedankenm\u00fcll auf andere Menschen ablassen? Darf ein Mann nicht einfach nur nett und normal sein? Ich mache echt drei Kreuze, dass meine Dating-Phase sein 20 Jahren vorbei ist und ich gl\u00fccklicher Single bin &#8211; wobei die Betonung auf &#8222;<strong>Gl\u00fccklich<\/strong>&#8220; liegt!<\/p>\n<p style=\"text-align: justify;\">Dazu gesellen sich dann in den Bubbles ebenfalls Rudelweise m\u00e4nnerhassende Feministinnen, die wie Claquere Beifall klatschen und sie auf ihrem Ego-Trip gegen die M\u00e4nnerwelt voranpeitschen. Auch der Versuch der Plattform einen immer wieder neu mit anderen Inhalten zu triggern, nervt mich einfach nur noch. Im Sekundentakt wird das Hirn mit den sinnlosesten Infos des bekannten Universums zugem\u00fcllt.<\/p>\n<p style=\"text-align: justify;\">In der einen Sekunde wird ein sprechender Pudel (nat\u00fcrlich KI generiert) interviewt, in der n\u00e4chsten will dir eine Frau erz\u00e4hlen, dass Natron und Honig dein bestes St\u00fcck wieder hart wie Kruppstahl macht, gleich danach will dich ein Money-Coach reich machen, wobei er sich falsch ausgedr\u00fcckt hat, denn eigentlich will er nicht dich sondern sich reich machen &#8211; dazwischen immer wieder kleine Selbstdarstellerinnen, die zwar dumm sind wie ein Meter Feldweg, und ihre etlichen tausende Likes ausschlie\u00dflich durch fast im freien baumelnde Hupen mit K\u00f6rbchengr\u00f6\u00dfe H ergattert haben und die dir die Welt erkl\u00e4ren wollen, von der Sie nicht den Hauch einer Ahnung haben. What a Fuck! Wer kriegt denn da bitte nicht Hirnaufweichung?<\/p>\n\n\t\t<div class=\"stream-item stream-item-in-post stream-item-in-post-3\"><hr>\r\n<p style=\"text-align: center;\"> HIER FOLGT EINE WERBEANZEIGE <\/p>\r\n<script async src=\"https:\/\/pagead2.googlesyndication.com\/pagead\/js\/adsbygoogle.js?client=ca-pub-4512412109408083\"\r\n     crossorigin=\"anonymous\"><\/script>\r\n<!-- Jannah Responsiv -->\r\n<ins class=\"adsbygoogle\"\r\n     style=\"display:block\"\r\n     data-ad-client=\"ca-pub-4512412109408083\"\r\n     data-ad-slot=\"9296702764\"\r\n     data-ad-format=\"auto\"\r\n     data-full-width-responsive=\"true\"><\/ins>\r\n<script>\r\n     (adsbygoogle = window.adsbygoogle || []).push({});\r\n<\/script>\r\n<hr>\n\t\t<\/div>\n\t\n<p style=\"text-align: justify;\">Da meine Pr\u00e4senz auf den sozialen Medien die Zugriffszahlen auf meinem Blog nicht verbessert haben, kann ich mir die Zeit sparen und lieber mein Augenmerk wieder auf meinen Blog lenken. Nur auf Mastodon werde ich noch aktiv sein, denn dort gibt es keine dich triggernden Algorithmen &#8211; alle anderen auf puren Kommerz ausgerichteten Social Media Plattformen, die auf Dauer die Seelen der Menschen vernichten oder sie verdummen lassen, werde ich wieder verlassen. Das tut mir zwar f\u00fcr die paar wenigen Menschen, die ich dort kenne leid, aber meine Nerven und mein Seelenheil gehen mir vor.<\/p>\n<p style=\"text-align: justify;\">Die paar Menschen, die ich dort kenne, k\u00f6nnen gerne einen Account auf meinem Blog erstellen und in einer Werbe- und Algorithmenfreien Zone Beitr\u00e4ge verfassen. Klar lesen diese Beitr\u00e4ge nicht tausende andere Menschen &#8211; aber es lesen die Menschen, die sie damit ber\u00fchren wollen. Ob ich Likes in den sozialen Medien bekomme ist mir ebenfalls Humpe und FOMO? Echt? Glaubst Du ich h\u00e4tte Angst was zu verpassen? Das fragst Du einen fast 70j\u00e4hrigen, der in seinem Leben schon fast alles erlebt hat &#8211; au\u00dfer einen Krieg?<\/p>\n<p style=\"text-align: justify;\">Aber wenn die Welt so weitermacht, dann kann das ja noch kommen und dann w\u00e4re mein &#8222;Life fucks you&#8220; Bingo-K\u00e4rtchen endlich voll. Und wenn die Irren, die auf diesem Planeten die gr\u00f6\u00dfte Macht haben so weitermachen werde ich mit Sicherheit &#8222;Fuck You&#8220;-Bingo Sieger..<\/p>\n<h3><span class=\"ez-toc-section\" id=\"Apropos_Sieger_Mein_Franzoesisch-Kurs_laeuft\"><\/span>Apropos Sieger: Mein Franz\u00f6sisch-Kurs l\u00e4uft..<span class=\"ez-toc-section-end\"><\/span><\/h3>\n<p style=\"text-align: justify;\"><a href=\"https:\/\/www.nerd-o-mania.de\/wordpress\/wp-content\/uploads\/2026\/04\/siebers-mathematische-Tafeln-800px.jpg\"><img loading=\"lazy\" decoding=\"async\" class=\"alignright size-large wp-image-41273\" src=\"https:\/\/www.nerd-o-mania.de\/wordpress\/wp-content\/uploads\/2026\/04\/siebers-mathematische-Tafeln-800px-236x300.jpg\" alt=\"\" width=\"236\" height=\"300\" title=\"\" srcset=\"https:\/\/www.nerd-o-mania.de\/wordpress\/wp-content\/uploads\/2026\/04\/siebers-mathematische-Tafeln-800px-236x300.jpg 236w, https:\/\/www.nerd-o-mania.de\/wordpress\/wp-content\/uploads\/2026\/04\/siebers-mathematische-Tafeln-800px-189x240.jpg 189w, https:\/\/www.nerd-o-mania.de\/wordpress\/wp-content\/uploads\/2026\/04\/siebers-mathematische-Tafeln-800px-768x977.jpg 768w, https:\/\/www.nerd-o-mania.de\/wordpress\/wp-content\/uploads\/2026\/04\/siebers-mathematische-Tafeln-800px.jpg 800w\" sizes=\"auto, (max-width: 236px) 100vw, 236px\" \/><\/a><em>(<strong>Bild<\/strong> <strong>rechts:<\/strong> wer kennt noch dieses \u00fcberfl\u00fcssigste Buch der ganzen Schulzeit? Ich wei\u00df bis heute nicht, was ich damit machen soll &#8211; au\u00dfer es direkt nach dem aufklappen wieder zu zuklappen. Dieses Antiquariat- sowie etliche andere noch in meinem B\u00fccherregal stehende Zeugen eines qu\u00e4lenden langweiligen Sch\u00fclerlebens &#8211; wurden bei einer der letzten Entr\u00fcmpelungsaktionen dem Altpapier-Container \u00fcbergeben. )<\/em><\/p>\n<p style=\"text-align: justify;\">Schon letzten Monat hatte ich ja erw\u00e4hnt, dass ich &#8211; um meine durch Alkohol, Drogen und Weibsvolk verklebten Synapsen wieder frei zu bekommen &#8211; die franz\u00f6sische Sprache lernen will. Ich hatte die zwar vor knapp 50 Jahren in der Schule &#8211; aber im Ernst: wer weiss denn noch, was er damals in der Schule gelernt hat? Dr\u00fcck mir das Buch &#8222;Siebers mathematische Tafeln&#8220; in die Hand und ich werde dich damit augenblicklich verpr\u00fcgeln..<\/p>\n<p style=\"text-align: justify;\">Ich habe mal geschrieben &#8211; und dazu stehe ich immer noch: &#8222;das wichtigste was Du immer wieder im Leben brauchst, ist der Dreisatz&#8220; &#8211; alles andere wirst Du im Leben h\u00f6chstwahrscheinlich niemals brauchen. Zu bl\u00f6d, dass Gen Z nicht mal den drauf hat. Was ich von der Intelligenz &#8211; insbesondere von Menschen in der USA halte, l\u00e4sst sich ungef\u00e4hr mit diesem Video treffend beschreiben:<\/p>\n<p><span class=\"embed-youtube\" style=\"text-align:center; display: block;\"> <\/p>\n<div class=\"brlbs-cmpnt-container brlbs-cmpnt-content-blocker brlbs-cmpnt-with-individual-styles\" data-borlabs-cookie-content-blocker-id=\"youtube-content-blocker\" data-borlabs-cookie-content=\"PGlmcmFtZSBjbGFzcz0ieW91dHViZS1wbGF5ZXIiIHdpZHRoPSI2NDAiIGhlaWdodD0iMzYwIiBzcmM9Imh0dHBzOi8vd3d3LnlvdXR1YmUtbm9jb29raWUuY29tL2VtYmVkL2tSaDF6WEZLQ19vP3ZlcnNpb249MyYjMDM4O3JlbD0xJiMwMzg7c2hvd3NlYXJjaD0wJiMwMzg7c2hvd2luZm89MSYjMDM4O2l2X2xvYWRfcG9saWN5PTEmIzAzODtmcz0xJiMwMzg7aGw9ZGUtREUmIzAzODthdXRvaGlkZT0yJiMwMzg7c3RhcnQ9MTEmIzAzODt3bW9kZT10cmFuc3BhcmVudCIgYWxsb3dmdWxsc2NyZWVuPSJ0cnVlIiBzdHlsZT0iYm9yZGVyOjA7IiBzYW5kYm94PSJhbGxvdy1zY3JpcHRzIGFsbG93LXNhbWUtb3JpZ2luIGFsbG93LXBvcHVwcyBhbGxvdy1wcmVzZW50YXRpb24gYWxsb3ctcG9wdXBzLXRvLWVzY2FwZS1zYW5kYm94Ij48L2lmcmFtZT4=\">\n<div class=\"brlbs-cmpnt-cb-preset-c brlbs-cmpnt-cb-youtube\">\n<div class=\"brlbs-cmpnt-cb-thumbnail\" style=\"background-image: url('https:\/\/www.nerd-o-mania.de\/wordpress\/wp-content\/uploads\/borlabs-cookie\/1\/yt_kRh1zXFKC_o_hqdefault.jpg')\"><\/div>\n<div class=\"brlbs-cmpnt-cb-main\">\n<div class=\"brlbs-cmpnt-cb-play-button\"><\/div>\n<div class=\"brlbs-cmpnt-cb-content\">\n<p class=\"brlbs-cmpnt-cb-description\">Sie sehen gerade einen Platzhalterinhalt von <strong>YouTube<\/strong>. Um auf den eigentlichen Inhalt zuzugreifen, klicken Sie auf die Schaltfl\u00e4che unten. Bitte beachten Sie, dass dabei Daten an Drittanbieter weitergegeben werden.<\/p>\n<p> <a class=\"brlbs-cmpnt-cb-provider-toggle\" href=\"#\" data-borlabs-cookie-show-provider-information role=\"button\">Mehr Informationen<\/a> <\/div>\n<div class=\"brlbs-cmpnt-cb-buttons\"> <a class=\"brlbs-cmpnt-cb-btn\" href=\"#\" data-borlabs-cookie-unblock role=\"button\">Inhalt entsperren<\/a> <a class=\"brlbs-cmpnt-cb-btn\" href=\"#\" data-borlabs-cookie-accept-service role=\"button\" style=\"display: inherit\">Erforderlichen Service akzeptieren und Inhalte entsperren<\/a> <\/div>\n<\/p><\/div>\n<\/p><\/div>\n<\/div>\n<p><\/span><\/p>\n<p style=\"text-align: justify;\">Nee, nicht voller Schadenfreude mit dem Finger drauf zeigen &#8211; in Deutschland geht der Trend ganz klar auch dahin. Es gibt Studien, dass die jungen Leuten trotz unver\u00e4nderten Bedingungen in der Schule bez\u00fcglich, Klassengr\u00f6\u00dfe, Unterrichtsstoff, zu vermittelnden Inhalten in den letzten 20 Jahren st\u00e4ndig d\u00fcmmer geworden sind. Und das liegt &#8211; ja, wer h\u00e4tte das gedacht an den Smartphones, die durch deren Inhalte die Gehirne der Kinder in den Pausen und auf dem Weg zur Schule schon so stressen, dass wichtige Inhalte keinen Platz mehr finden und die dadurch antrainierte Aufmerksamkeitsspanne nicht l\u00e4nger als wenige Minuten andauert.<\/p>\n<p style=\"text-align: justify;\"><a href=\"https:\/\/www.nerd-o-mania.de\/wordpress\/wp-content\/uploads\/2026\/04\/Sieger-im-Turnier-Duolingo-600px.jpg\"><img loading=\"lazy\" decoding=\"async\" class=\"alignleft wp-image-41282\" src=\"https:\/\/www.nerd-o-mania.de\/wordpress\/wp-content\/uploads\/2026\/04\/Sieger-im-Turnier-Duolingo-600px-138x300.jpg\" alt=\"\" width=\"166\" height=\"361\" title=\"\" srcset=\"https:\/\/www.nerd-o-mania.de\/wordpress\/wp-content\/uploads\/2026\/04\/Sieger-im-Turnier-Duolingo-600px-138x300.jpg 138w, https:\/\/www.nerd-o-mania.de\/wordpress\/wp-content\/uploads\/2026\/04\/Sieger-im-Turnier-Duolingo-600px-111x240.jpg 111w, https:\/\/www.nerd-o-mania.de\/wordpress\/wp-content\/uploads\/2026\/04\/Sieger-im-Turnier-Duolingo-600px.jpg 600w\" sizes=\"auto, (max-width: 166px) 100vw, 166px\" \/><\/a><em>(<strong>Bild links:\u00a0<\/strong> Bis ins Finale gek\u00e4mpft und gewonnen &#8211; da kann man ja auch mal ein bi\u00dfchen stolz auf sich sein obwohl ich etwas gehandicapt bin, was meine Hirnleistung angeht. Franz\u00f6sisch l\u00e4uft also. Das n\u00e4chste Projekt steht auch schon fest: Wozu habe ich einen Roland Fantom EX 6 Synthesizer und ein Yamaha Keyboard? Du ahnst es Thomas Forschbachs Kurse auf &#8222;<a href=\"https:\/\/www.werdemusiker.de\/\" target=\"_blank\" rel=\"noopener\">werde Musiker<\/a>&#8220;\u00a0 liegen schon bereit und warten darauf dass ich anhand der Anleitungen meinen Tasteninstrumenten sinnvolle T\u00f6ne entlocke.)<\/em><\/p>\n<p style=\"text-align: justify;\">Heutige Lehrer sollten also die wichtigen Kerninformationen direkt in den ersten 5 Minuten der Stunde vermitteln &#8211; danach h\u00f6ren die Kiddies nur noch rosa Rauschen aus dem Mund des Lehrers.<\/p>\n<p style=\"text-align: justify;\">Waren wir fr\u00fcher als Kinder intelligenter? Nein, wir hatten nur mehr Biss. Den Begriff Depressionen gab es nicht: wenn du als Kind schlechte Noten nach Hause brachtest, dann war nicht der Lehrer Schuld oder deine angeknackste Psyche, sondern Du einfach nur faul. Und zu 90% traf das auch zu. Ich habe selber mehr als einmal die Hausaufgaben bei der Fahrt in der Stra\u00dfenbahn zur Schule in das Schulheft hingerotzt, denn ich war in der Schule auch nicht der Strebsamste. Die Noten spiegelten das dann auch eindrucksvoll wieder.<\/p>\n<p style=\"text-align: justify;\">Ich vertrat schon damals den Leitspruch: &#8222;ein cleveres Pferd springt nur so hoch, wie es muss!&#8220; &#8211; Noten von 3 bis 4 reichen ja auch f\u00fcr eine Versetzung. Damit habe ich schon als Schulkind Leistungstechnisch nach dem <a href=\"https:\/\/de.wikipedia.org\/wiki\/Paretoprinzip\" target=\"_blank\" rel=\"noopener\">&#8222;Pareto-Prinzip&#8220;<\/a> gearbeitet. Und sp\u00e4ter mein ganzes Berufsleben &#8211; wobei ich selbst damit noch besser war als jeder Kollege..<\/p>\n<h3><span class=\"ez-toc-section\" id=\"Apropos_frueher%E2%80%A6\"><\/span>Apropos fr\u00fcher&#8230;<span class=\"ez-toc-section-end\"><\/span><\/h3>\n<p style=\"text-align: justify;\"><a href=\"https:\/\/www.nerd-o-mania.de\/wordpress\/wp-content\/uploads\/2026\/04\/einst-und-jetzt-1960-900px.jpg\"><img loading=\"lazy\" decoding=\"async\" class=\"alignright size-large wp-image-41288\" src=\"https:\/\/www.nerd-o-mania.de\/wordpress\/wp-content\/uploads\/2026\/04\/einst-und-jetzt-1960-900px-508x300.jpg\" alt=\"\" width=\"508\" height=\"300\" title=\"\" srcset=\"https:\/\/www.nerd-o-mania.de\/wordpress\/wp-content\/uploads\/2026\/04\/einst-und-jetzt-1960-900px-508x300.jpg 508w, https:\/\/www.nerd-o-mania.de\/wordpress\/wp-content\/uploads\/2026\/04\/einst-und-jetzt-1960-900px-360x213.jpg 360w, https:\/\/www.nerd-o-mania.de\/wordpress\/wp-content\/uploads\/2026\/04\/einst-und-jetzt-1960-900px-150x90.jpg 150w, https:\/\/www.nerd-o-mania.de\/wordpress\/wp-content\/uploads\/2026\/04\/einst-und-jetzt-1960-900px-768x454.jpg 768w, https:\/\/www.nerd-o-mania.de\/wordpress\/wp-content\/uploads\/2026\/04\/einst-und-jetzt-1960-900px.jpg 900w\" sizes=\"auto, (max-width: 508px) 100vw, 508px\" \/><\/a><em>(<strong>Bild rechts: <\/strong>Die Karl-Wenk-Stra\u00dfe in Dortmund-Barop vor knapp 70 Jahren. Die H\u00e4user waren grade mit \u00f6ffentlichen Mitteln frisch gebaut worden und man musste einen Wohnberechtigungsschein haben um eine der Wohnungen zu bekommen &#8211; aber dort bin ich aufgewachen, und dort wohne ich auch seit 1997 wieder. Schaut euch mal an wie klein die grade gepflanzten B\u00e4ume da sind und wie wenige Autos es gibt &#8211; und vor allem, was f\u00fcr welche!)<\/em><\/p>\n<p style=\"text-align: justify;\">Bei fr\u00fcher muss ich an einige Dokumente denken, die mir letztens mal wieder in die H\u00e4nde fielen. Zum einen war da ein Blatt aus einer Werks-Zeitung, der DHHU (Dortmund-H\u00f6rde H\u00fcttenwerke Union). Dort hatte damals (also vor fast 70 Jahren!) meine Gro\u00dfmutter eine Seite aus der Zeitschrift f\u00fcr Werkst\u00e4tige gerissen.<\/p>\n<p style=\"text-align: justify;\"><a href=\"https:\/\/www.nerd-o-mania.de\/wordpress\/wp-content\/uploads\/2026\/04\/einst-und-jetzt-2026-900px.jpg\"><img loading=\"lazy\" decoding=\"async\" class=\"alignleft size-large wp-image-41289\" src=\"https:\/\/www.nerd-o-mania.de\/wordpress\/wp-content\/uploads\/2026\/04\/einst-und-jetzt-2026-900px-497x300.jpg\" alt=\"\" width=\"497\" height=\"300\" title=\"\" srcset=\"https:\/\/www.nerd-o-mania.de\/wordpress\/wp-content\/uploads\/2026\/04\/einst-und-jetzt-2026-900px-497x300.jpg 497w, https:\/\/www.nerd-o-mania.de\/wordpress\/wp-content\/uploads\/2026\/04\/einst-und-jetzt-2026-900px-360x217.jpg 360w, https:\/\/www.nerd-o-mania.de\/wordpress\/wp-content\/uploads\/2026\/04\/einst-und-jetzt-2026-900px-150x90.jpg 150w, https:\/\/www.nerd-o-mania.de\/wordpress\/wp-content\/uploads\/2026\/04\/einst-und-jetzt-2026-900px-768x463.jpg 768w, https:\/\/www.nerd-o-mania.de\/wordpress\/wp-content\/uploads\/2026\/04\/einst-und-jetzt-2026-900px.jpg 900w\" sizes=\"auto, (max-width: 497px) 100vw, 497px\" \/><\/a><em>(<strong>Bild links: <\/strong>und so sieht die Karl-Wenk-Stra\u00dfe 2026 aus: Die H\u00e4user haben D\u00e4mmfassaden bekommen, statt Kohle\u00f6fen gibt es Zentralheizung, die meisten Wohnungen haben gro\u00dfe Vorbaubalkone erhalten &#8211; und die Miete ist um den Faktor 40 gestiegen: von 40 D-Mark auf 800 \u20ac. )<\/em><\/p>\n<p style=\"text-align: justify;\">Diese Siedlung hatte es ihr wohl so angetan, dass sie meinen Gro\u00dfvater auch f\u00fcr den Ort begeistern konnte. Die Wohnung in Dortmund Oespel mit eigenem Garten mussten die Gro\u00dfeltern aufgeben, denn das dort t\u00e4tige R\u00f6hrenwerk brauchte das Gel\u00e4nde. Daf\u00fcr wurden die H\u00e4user von dem Unternehmen zur\u00fcck gekauft.<\/p>\n\n\t\t<div class=\"stream-item stream-item-in-post stream-item-in-post-1\"><hr>\r\n<p style=\"text-align: center;\"> HIER FOLGT EINE WERBEANZEIGE <\/p>\r\n<script async src=\"https:\/\/pagead2.googlesyndication.com\/pagead\/js\/adsbygoogle.js?client=ca-pub-4512412109408083\"\r\n     crossorigin=\"anonymous\"><\/script>\r\n<!-- Jannah Responsiv -->\r\n<ins class=\"adsbygoogle\"\r\n     style=\"display:block\"\r\n     data-ad-client=\"ca-pub-4512412109408083\"\r\n     data-ad-slot=\"9296702764\"\r\n     data-ad-format=\"auto\"\r\n     data-full-width-responsive=\"true\"><\/ins>\r\n<script>\r\n     (adsbygoogle = window.adsbygoogle || []).push({});\r\n<\/script>\r\n<hr>\n\t\t<\/div>\n\t\n<p style=\"text-align: justify;\">Es gab aber auch Dokumente, die Zeitzeugen einer ganz anderen und schlimmeren Zeit waren:<\/p>\n<p style=\"text-align: justify;\">Unter anderem diverse Dokumente von meinem verstorbenem Gro\u00dfvater aus seiner Zeit nach seiner Gefangennahme im 2. Weltkrieg. Er war als Sanit\u00e4tsunteroffizier in Deveter Holland am 12.4.1945 mit einigen verletzten deutschen Soldaten, die er betreute gefangen genommen worden und wurde dann in ein amerikanisches Kriegsgefangenen-Lager gebracht. 1946 wurde er wegen Krankheit in ein Krankenhaus nach England \u00fcberf\u00fchrt und Ende 1947 aus der Kriegsgefangenschaft entlassen.<\/p>\n<p style=\"text-align: justify;\"><a href=\"https:\/\/www.nerd-o-mania.de\/wordpress\/wp-content\/uploads\/2026\/04\/mein-Grossvater-als-Kriegsgefangener-800px.jpg\"><img loading=\"lazy\" decoding=\"async\" class=\"alignleft size-large wp-image-41286\" src=\"https:\/\/www.nerd-o-mania.de\/wordpress\/wp-content\/uploads\/2026\/04\/mein-Grossvater-als-Kriegsgefangener-800px-200x300.jpg\" alt=\"\" width=\"200\" height=\"300\" title=\"\" srcset=\"https:\/\/www.nerd-o-mania.de\/wordpress\/wp-content\/uploads\/2026\/04\/mein-Grossvater-als-Kriegsgefangener-800px-200x300.jpg 200w, https:\/\/www.nerd-o-mania.de\/wordpress\/wp-content\/uploads\/2026\/04\/mein-Grossvater-als-Kriegsgefangener-800px-160x240.jpg 160w, https:\/\/www.nerd-o-mania.de\/wordpress\/wp-content\/uploads\/2026\/04\/mein-Grossvater-als-Kriegsgefangener-800px-768x1153.jpg 768w, https:\/\/www.nerd-o-mania.de\/wordpress\/wp-content\/uploads\/2026\/04\/mein-Grossvater-als-Kriegsgefangener-800px.jpg 800w\" sizes=\"auto, (max-width: 200px) 100vw, 200px\" \/><\/a><em>(<strong>Bild links: <\/strong>Nur mal so f\u00fcr den Fall, falls jemand glaubt, Krieg w\u00e4re ein Kinderspiel &#8211; Nein, Krieg ist grausam. Mein Gro\u00dfvater hat nie viel \u00fcber den Krieg erz\u00e4hlt, aber als Sanit\u00e4tsunteroffizier musste er viel menschliches Leid sehen. Er hat sich gegen Ende des Krieges mit den verwundeten Soldaten, die er betreute, in Holland gefangen nehmen lassen und wurde dann noch ungef\u00e4hr 2 Jahre in amerikanischer Kriegsgefangenschaft inhaftiert. Und damit hat er es noch vergleichsweise gut getroffen, denn das Schicksal f\u00fcr einen deutschen Soldaten in russischer Kriegsgefangenschaft war fast gleichbedeutend mit dem Tod. )<\/em><\/p>\n<p style=\"text-align: justify;\">Nur f\u00fcr den Fall, weil ja so S\u00e4tze wie &#8222;Deutschland muss kriegst\u00fcchtig werden&#8220; und \u00e4hnliches durch die Medien rauschen und das Wort Kriegstreiberei f\u00e4llt: Krieg ist nur f\u00fcr den witzig, der ihn gewinnt und da liegen wir trotz einer damaligen guten Mannschaft und aller Bem\u00fchungen 0:2 hinten.<\/p>\n<p style=\"text-align: justify;\">Zu glauben, dass wir irgendwann mal auf der Siegerstra\u00dfe w\u00e4ren und die Bedingungen diktieren &#8211; vergiss es. Selbst ein vereintes Europa &#8211; sofern es denn endlich mal Anstrengungen unternimmt, dass die Bezeichnung &#8222;vereintes Europa&#8220; verdient &#8211; w\u00e4re eine reine Verteidigungs &#8211; und Abschreckungsarmee &#8211; wenn sie denn mal endlich da w\u00e4re, denn eines haben die letzten 5 Jahre gezeigt: Auf diesem Planeten hat der letzte gro\u00dfe Kampf um die Ressourcen begonnen &#8211; und der ist gnadenlos. Wer sich nicht verteidigen kann, der kommt unter die R\u00e4der &#8211; das hat schon der Premierminister von Kanada Mark Carney auf einer Sicherheitskonferenz in Deutschland gesagt.<\/p>\n<p style=\"text-align: justify;\"><a href=\"https:\/\/www.nerd-o-mania.de\/wordpress\/wp-content\/uploads\/2026\/04\/Jugendgerberge-Menden-1930-800px.jpg\"><img loading=\"lazy\" decoding=\"async\" class=\"alignright wp-image-41294\" src=\"https:\/\/www.nerd-o-mania.de\/wordpress\/wp-content\/uploads\/2026\/04\/Jugendgerberge-Menden-1930-800px-475x300.jpg\" alt=\"\" width=\"377\" height=\"238\" title=\"\" srcset=\"https:\/\/www.nerd-o-mania.de\/wordpress\/wp-content\/uploads\/2026\/04\/Jugendgerberge-Menden-1930-800px-475x300.jpg 475w, https:\/\/www.nerd-o-mania.de\/wordpress\/wp-content\/uploads\/2026\/04\/Jugendgerberge-Menden-1930-800px-360x227.jpg 360w, https:\/\/www.nerd-o-mania.de\/wordpress\/wp-content\/uploads\/2026\/04\/Jugendgerberge-Menden-1930-800px-768x485.jpg 768w, https:\/\/www.nerd-o-mania.de\/wordpress\/wp-content\/uploads\/2026\/04\/Jugendgerberge-Menden-1930-800px.jpg 800w\" sizes=\"auto, (max-width: 377px) 100vw, 377px\" \/><\/a><em>(<strong>Bild rechts: <\/strong>Dazu fiel mir auch folgendes Foto in die H\u00e4nde. Auf der R\u00fcckseite steht: &#8222;Pfingsten 1930\u00a0 Jugendherberge Menden&#8220; und dort sitzen fast 30 junge Menschen im Alter zwischen 15 und 20 Jahren aus Marten und Kirchlinde (beides Ortsteile von Dortmund) auf der Treppe der Jugendherberge. Das Foto ist fast 100 Jahre alt &#8211; ich frage mich, ob diese jungen Menschen ahnten, dass knapp 10 Jahre sp\u00e4ter jeder zehnte von Ihnen durch den 2. Weltkrieg sterben w\u00fcrde? )<\/em><\/p>\n<p style=\"text-align: justify;\">Wenn ich sehe, wie schnell die Herrscher dieses Planeten sich entscheiden, zigtausende unschuldige Menschen in einem Krieg, der nur den eigenen Interessen dient, zu t\u00f6ten, deren Lebensgrundlage weg zu bomben, deren Kinder und Freunde zu Kr\u00fcppeln zu verunstalten, die sp\u00e4ter nie mehr ein normales Leben f\u00fchren k\u00f6nnen, muss ich an einen Satz aus dem Trailer &#8222;The Expanse&#8220; denken: &#8222;das Universum w\u00e4re ohne die Menschen besser dran&#8220;. <strong>Das kann ich echt nur unterschreiben<\/strong>.<\/p>\n<p style=\"text-align: justify;\"><em>Der Autor ist sich im klaren dar\u00fcber, dass besonders der letzte Teil des Monatsr\u00fcckblicks f\u00fcr Stirnrunzeln sorgen k\u00f6nnte. Der Autor denkt aber, dass wir in einer Zeit leben, in der Nichts &#8211; und damit meint er wirklich Nichts &#8211; unm\u00f6glich ist. Der Leser sollte nichts als gegeben hinnehmen und glauben, dass das zumeist gesicherte und vergleichsweise angenehme Leben sich nicht in wenigen Wochen ver\u00e4ndern kann. Oder wie der bekannter YouTuber &#8222;<a href=\"https:\/\/www.youtube.com\/@Frdavidgierlach1272\/videos\" target=\"_blank\" rel=\"noopener\">Father Richard<\/a>&#8220; am\u00a0 Ende seiner Online-Predigt sagt: &#8222;May God bless us all!&#8220;..<\/em><\/p>\n<p style=\"text-align: right;\"><em>der Autor<\/em><\/p>\n","protected":false},"excerpt":{"rendered":"<p>Hidiho liebe Community! Der April ist vergangen\u00a0 &#8211; es wird also Zeit f\u00fcr den Monatsr\u00fcckblick April 2026 &#8211; und wie Du als treuer Leser festgestellt hast, gab es am 1. April keinen meiner \u00fcblichen Aprilscherze. Tja, f\u00fcr einen Scherz muss man in Stimmung sein &#8211; aber wenn ich h\u00f6re, was unser &#8222;ich scheisse auf die &hellip;<\/p>\n","protected":false},"author":11,"featured_media":41277,"comment_status":"open","ping_status":"closed","sticky":false,"template":"","format":"standard","meta":{"activitypub_content_warning":"","activitypub_content_visibility":"","activitypub_max_image_attachments":4,"activitypub_interaction_policy_quote":"anyone","activitypub_status":"federated","footnotes":""},"categories":[3,11,15],"tags":[3134,1765,225,3022],"class_list":["post-41203","post","type-post","status-publish","format-standard","has-post-thumbnail","hentry","category-alltagsabenteuer","category-nachrichten-und-politik","category-unterhaltung","tag-kanzler-merz","tag-monatsrueckblick","tag-politik","tag-social-media-entzug"],"jetpack_featured_media_url":"https:\/\/www.nerd-o-mania.de\/wordpress\/wp-content\/uploads\/2026\/04\/Beitragsbild-Monatsrueckblick-April-2026.jpg","jetpack_likes_enabled":true,"_links":{"self":[{"href":"https:\/\/www.nerd-o-mania.de\/wordpress\/wp-json\/wp\/v2\/posts\/41203","targetHints":{"allow":["GET"]}}],"collection":[{"href":"https:\/\/www.nerd-o-mania.de\/wordpress\/wp-json\/wp\/v2\/posts"}],"about":[{"href":"https:\/\/www.nerd-o-mania.de\/wordpress\/wp-json\/wp\/v2\/types\/post"}],"author":[{"embeddable":true,"href":"https:\/\/www.nerd-o-mania.de\/wordpress\/wp-json\/wp\/v2\/users\/11"}],"replies":[{"embeddable":true,"href":"https:\/\/www.nerd-o-mania.de\/wordpress\/wp-json\/wp\/v2\/comments?post=41203"}],"version-history":[{"count":67,"href":"https:\/\/www.nerd-o-mania.de\/wordpress\/wp-json\/wp\/v2\/posts\/41203\/revisions"}],"predecessor-version":[{"id":41205,"href":"https:\/\/www.nerd-o-mania.de\/wordpress\/wp-json\/wp\/v2\/posts\/41203\/revisions\/41205"}],"wp:featuredmedia":[{"embeddable":true,"href":"https:\/\/www.nerd-o-mania.de\/wordpress\/wp-json\/wp\/v2\/media\/41277"}],"wp:attachment":[{"href":"https:\/\/www.nerd-o-mania.de\/wordpress\/wp-json\/wp\/v2\/media?parent=41203"}],"wp:term":[{"taxonomy":"category","embeddable":true,"href":"https:\/\/www.nerd-o-mania.de\/wordpress\/wp-json\/wp\/v2\/categories?post=41203"},{"taxonomy":"post_tag","embeddable":true,"href":"https:\/\/www.nerd-o-mania.de\/wordpress\/wp-json\/wp\/v2\/tags?post=41203"}],"curies":[{"name":"wp","href":"https:\/\/api.w.org\/{rel}","templated":true}]}}